{"id":51402,"date":"2023-01-30T07:01:10","date_gmt":"2023-01-30T06:01:10","guid":{"rendered":"https:\/\/www-ilmercoledi-news-*.sitenm.com\/?p=51402"},"modified":"2024-08-29T06:59:35","modified_gmt":"2023-11-03T06:59:35","slug":"covid-dati-di-incidenza-per-le-varie-fasce-di-popolazione-piemonte","status":"publish","type":"post","link":"https:\/\/www.ilmercoledi.news\/2023\/01\/30\/covid-dati-di-incidenza-per-le-varie-fasce-di-popolazione-piemonte\/","title":{"rendered":"COVID &#8211; I dati di incidenza per le varie fasce di popolazione in Piemonte"},"content":{"rendered":"<p lang=\"zxx\">Nella settimana dal\u00a020\u00a0al\u00a026\u00a0gennaio\u00a0l\u2019incidenza regionale (ovvero l\u2019incremento settimanale di nuovi casi di Covid per 100.000 abitanti) \u00e8 stata\u00a036.2\u00a0con andamento calante (-13,3%) rispetto ai\u00a041.7\u00a0dei sette giorni precedenti.<\/p>\n<p lang=\"zxx\">Nella fascia di et\u00e0 19-24 anni l\u2019incidenza \u00e8 12.2 (-45%). Nella fascia 25-44 anni \u00e8 37.4 (-12,2 %). Tra i 45 ed i 59 anni si attesta a 41 (-4,9%). Nella fascia 60-69 anni \u00e8 39 (-14,1%). Tra i 70-79 anni \u00e8 38.8 (-24,4%). Nella fascia over80 l\u2019incidenza risulta 59.5 (-15,8%).<\/p>\n<p lang=\"zxx\">Incidenza del contagio in et\u00e0 scolastica<\/p>\n<p lang=\"zxx\">In et\u00e0 scolastica, nel periodo dal\u00a020\u00a0al\u00a026\u00a0gennaio, l\u2019incidenza rispetto ai sette giorni precedenti \u00e8 in calo nelle fasce di et\u00e0 0-2 e 3-5 anni.<\/p>\n<p lang=\"zxx\">Nel dettaglio: nella fascia di et\u00e0 0-2 anni l\u2019incidenza \u00e8 20.6 (-\u00a041,5%), nella fascia 3-5 anni si registra un\u2019incidenza di 11.8 (-44,9%), nella fascia tra i 6 ed 10 anni l&#8217;incidenza \u00e8 22.1 (invariata), nella fascia 11-13 anni l&#8217;incidenza \u00e8 19.8 (+27,7%), nella fascia tra i 14 ed i 18 anni l\u2019incidenza \u00e8 15.5(+\u00a042,2%).<\/p>\n","protected":false},"excerpt":{"rendered":"","protected":false},"author":11,"featured_media":28591,"comment_status":"open","ping_status":"closed","sticky":false,"template":"","format":"standard","meta":[],"categories":[34],"tags":[],"news-destination":[],"news-source":[],"is_homepage":[581],"ta_other":[],"_links":{"self":[{"href":"https:\/\/www.ilmercoledi.news\/ilmercoledi\/news\/wp-json\/wp\/v2\/posts\/51402"}],"collection":[{"href":"https:\/\/www.ilmercoledi.news\/ilmercoledi\/news\/wp-json\/wp\/v2\/posts"}],"about":[{"href":"https:\/\/www.ilmercoledi.news\/ilmercoledi\/news\/wp-json\/wp\/v2\/types\/post"}],"author":[{"embeddable":true,"href":"https:\/\/www.ilmercoledi.news\/ilmercoledi\/news\/wp-json\/wp\/v2\/users\/11"}],"replies":[{"embeddable":true,"href":"https:\/\/www.ilmercoledi.news\/ilmercoledi\/news\/wp-json\/wp\/v2\/comments?post=51402"}],"version-history":[{"count":1,"href":"https:\/\/www.ilmercoledi.news\/ilmercoledi\/news\/wp-json\/wp\/v2\/posts\/51402\/revisions"}],"predecessor-version":[{"id":67568,"href":"https:\/\/www.ilmercoledi.news\/ilmercoledi\/news\/wp-json\/wp\/v2\/posts\/51402\/revisions\/67568"}],"wp:featuredmedia":[{"embeddable":true,"href":"https:\/\/www.ilmercoledi.news\/ilmercoledi\/news\/wp-json\/wp\/v2\/media\/28591"}],"wp:attachment":[{"href":"https:\/\/www.ilmercoledi.news\/ilmercoledi\/news\/wp-json\/wp\/v2\/media?parent=51402"}],"wp:term":[{"taxonomy":"category","embeddable":true,"href":"https:\/\/www.ilmercoledi.news\/ilmercoledi\/news\/wp-json\/wp\/v2\/categories?post=51402"},{"taxonomy":"post_tag","embeddable":true,"href":"https:\/\/www.ilmercoledi.news\/ilmercoledi\/news\/wp-json\/wp\/v2\/tags?post=51402"},{"taxonomy":"news-destination","embeddable":true,"href":"https:\/\/www.ilmercoledi.news\/ilmercoledi\/news\/wp-json\/wp\/v2\/news-destination?post=51402"},{"taxonomy":"news-source","embeddable":true,"href":"https:\/\/www.ilmercoledi.news\/ilmercoledi\/news\/wp-json\/wp\/v2\/news-source?post=51402"},{"taxonomy":"is_homepage","embeddable":true,"href":"https:\/\/www.ilmercoledi.news\/ilmercoledi\/news\/wp-json\/wp\/v2\/is_homepage?post=51402"},{"taxonomy":"ta_other","embeddable":true,"href":"https:\/\/www.ilmercoledi.news\/ilmercoledi\/news\/wp-json\/wp\/v2\/ta_other?post=51402"}],"curies":[{"name":"wp","href":"https:\/\/api.w.org\/{rel}","templated":true}]}}