{"id":51410,"date":"2023-01-30T07:23:41","date_gmt":"2023-01-30T06:23:41","guid":{"rendered":"https:\/\/www-ilmercoledi-news-*.sitenm.com\/?p=51410"},"modified":"2024-08-29T06:59:35","modified_gmt":"2023-11-03T06:59:35","slug":"moncalieri-protesta-davanti-al-polifunzionale-durante-il-convegno-sulla-pratica-degli-affidi","status":"publish","type":"post","link":"https:\/\/www.ilmercoledi.news\/2023\/01\/30\/moncalieri-protesta-davanti-al-polifunzionale-durante-il-convegno-sulla-pratica-degli-affidi\/","title":{"rendered":"MONCALIERI &#8211; Protesta davanti al Polifunzionale durante il convegno sulla pratica degli affidi"},"content":{"rendered":"<p>Proteste e cori contro il convegno organizzato dall&#8217;Asl e consorzi socio assistenziali sabato mattina al Polifunzionale di Moncalieri sul tema degli affidi. Un gruppo di genitori (alcuni dei quali hanno raccontato il loro dramma di vedersi togliere il proprio figlio) si \u00e8 radunato davanti all&#8217;ingresso cominciando a protestare. \u00abGi\u00f9 le mani dai bambini\u00bb \u00e8 stato il messaggio principale, rimarcando come in Regione \u00e8 stata approvata la legge allontanamento zero dove si promuove il sostegno alla genitorialit\u00e0 e si evita la pratica dell&#8217;affido. Sul posto anche i carabinieri per evitare che la situazione potesse prendere una brutta piega. &#8220;L&#8217; affido non \u00e8 un obiettivo ma uno strumento di di aiuto per i bambini e per le loro famiglie, nell&#8217;ambito di un progetto educativo familiare che sostiene l&#8217;intera famiglia&#8221;, spiega l&#8217;assessore di Moncalieri Silvia Di Crescenzo.<\/p>\n","protected":false},"excerpt":{"rendered":"","protected":false},"author":11,"featured_media":51409,"comment_status":"open","ping_status":"closed","sticky":false,"template":"","format":"standard","meta":[],"categories":[34],"tags":[],"news-destination":[],"news-source":[],"is_homepage":[581],"ta_other":[],"_links":{"self":[{"href":"https:\/\/www.ilmercoledi.news\/ilmercoledi\/news\/wp-json\/wp\/v2\/posts\/51410"}],"collection":[{"href":"https:\/\/www.ilmercoledi.news\/ilmercoledi\/news\/wp-json\/wp\/v2\/posts"}],"about":[{"href":"https:\/\/www.ilmercoledi.news\/ilmercoledi\/news\/wp-json\/wp\/v2\/types\/post"}],"author":[{"embeddable":true,"href":"https:\/\/www.ilmercoledi.news\/ilmercoledi\/news\/wp-json\/wp\/v2\/users\/11"}],"replies":[{"embeddable":true,"href":"https:\/\/www.ilmercoledi.news\/ilmercoledi\/news\/wp-json\/wp\/v2\/comments?post=51410"}],"version-history":[{"count":1,"href":"https:\/\/www.ilmercoledi.news\/ilmercoledi\/news\/wp-json\/wp\/v2\/posts\/51410\/revisions"}],"predecessor-version":[{"id":67572,"href":"https:\/\/www.ilmercoledi.news\/ilmercoledi\/news\/wp-json\/wp\/v2\/posts\/51410\/revisions\/67572"}],"wp:featuredmedia":[{"embeddable":true,"href":"https:\/\/www.ilmercoledi.news\/ilmercoledi\/news\/wp-json\/wp\/v2\/media\/51409"}],"wp:attachment":[{"href":"https:\/\/www.ilmercoledi.news\/ilmercoledi\/news\/wp-json\/wp\/v2\/media?parent=51410"}],"wp:term":[{"taxonomy":"category","embeddable":true,"href":"https:\/\/www.ilmercoledi.news\/ilmercoledi\/news\/wp-json\/wp\/v2\/categories?post=51410"},{"taxonomy":"post_tag","embeddable":true,"href":"https:\/\/www.ilmercoledi.news\/ilmercoledi\/news\/wp-json\/wp\/v2\/tags?post=51410"},{"taxonomy":"news-destination","embeddable":true,"href":"https:\/\/www.ilmercoledi.news\/ilmercoledi\/news\/wp-json\/wp\/v2\/news-destination?post=51410"},{"taxonomy":"news-source","embeddable":true,"href":"https:\/\/www.ilmercoledi.news\/ilmercoledi\/news\/wp-json\/wp\/v2\/news-source?post=51410"},{"taxonomy":"is_homepage","embeddable":true,"href":"https:\/\/www.ilmercoledi.news\/ilmercoledi\/news\/wp-json\/wp\/v2\/is_homepage?post=51410"},{"taxonomy":"ta_other","embeddable":true,"href":"https:\/\/www.ilmercoledi.news\/ilmercoledi\/news\/wp-json\/wp\/v2\/ta_other?post=51410"}],"curies":[{"name":"wp","href":"https:\/\/api.w.org\/{rel}","templated":true}]}}