{"id":51422,"date":"2023-01-30T12:02:29","date_gmt":"2023-01-30T11:02:29","guid":{"rendered":"https:\/\/www-ilmercoledi-news-*.sitenm.com\/?p=51422"},"modified":"2024-08-29T06:59:35","modified_gmt":"2023-11-03T06:59:35","slug":"regione-premiato-il-progetto-sostegno-di-progetti-strategici-dei-distretti-del-commercio-presentato-dai-comuni-del-chierese","status":"publish","type":"post","link":"https:\/\/www.ilmercoledi.news\/2023\/01\/30\/regione-premiato-il-progetto-sostegno-di-progetti-strategici-dei-distretti-del-commercio-presentato-dai-comuni-del-chierese\/","title":{"rendered":"REGIONE &#8211; Premiato il progetto &#8216;Sostegno di progetti strategici dei Distretti del Commercio&#8217;, presentato dai comuni del chierese"},"content":{"rendered":"<p>La Regione Piemonte ha premiato il progetto \u201cSostegno di progetti strategici dei Distretti del Commercio\u201d, presentato da 14 comuni del Chierese. Il 24 gennaio, in un incontro online tra gli Assessori al Commercio di Santena e Cambiano e numerose imprese della zona, sono state ricordate le casistiche ammesse dal bando per accedere al fondo, gi\u00e0 comunicate a tutti i commercianti via mail.<\/p>\n<p>\u00abE\u2019 un modo dare un aiuto concreto alle imprese santenesi e dei comuni limitrofi\u00bb ha affermato l\u2019assessore alle attivit\u00e0 produttive Cetty Siciliano. \u00abGrazie a questi nuovi fondi, piccole imprese e artigiani sono incoraggiati ad ammodernare e innovare la propria impresa. Invitiamo le imprese a valutare in tempi brevi l&#8217;opportunit\u00e0 di partecipare al bando per investimenti nella propria attivit\u00e0, che possano rientrare tra le azioni finanziabili.\u00bb<\/p>\n<p>lI bando \u00e8 finalizzato a sostenere lo sviluppo delle attivit\u00e0 commerciali esistenti e a favorire la nascita di nuove realt\u00e0 imprenditoriali.<\/p>\n<p>Ecco le azioni ammissibili indicate dalla Regione Piemonte:<\/p>\n<p>Interventi volti all&#8217;ammodernamento e al miglioramento dell&#8217;esteriorit\u00e0 delle attivit\u00e0 commerciali (vetrine, insegne, facciate, tende, pergole, dehor, illuminazione esterna, etc.);<\/p>\n<p>Sostegno di nuove attivit\u00e0 o aperture di nuove unita locali (acquisto di macchinari, attrezzature, apparecchi;<\/p>\n<p>Interventi volti alla realizzazione di servizi innovativi fra gli operatori dell\u2019area e a vantaggio dei consumatori;<\/p>\n<p>Interventi volti alla fidelizzazione della clientela;<\/p>\n<p>Interventi per l&#8217;implementazione digitale delle singole imprese (solo spese in conto capitale);<\/p>\n<p>Progettualit\u00e0 innovative che possano contribuire alla crescita delle singole imprese del commercio, inclusa attivit\u00e0 formativa, informatica e servizi di accompagnamento relativi all&#8217;attivit\u00e0 del Distretto.<\/p>\n<p>&nbsp;<\/p>\n","protected":false},"excerpt":{"rendered":"","protected":false},"author":11,"featured_media":42050,"comment_status":"open","ping_status":"closed","sticky":false,"template":"","format":"standard","meta":[],"categories":[34],"tags":[],"news-destination":[],"news-source":[],"is_homepage":[581],"ta_other":[],"_links":{"self":[{"href":"https:\/\/www.ilmercoledi.news\/ilmercoledi\/news\/wp-json\/wp\/v2\/posts\/51422"}],"collection":[{"href":"https:\/\/www.ilmercoledi.news\/ilmercoledi\/news\/wp-json\/wp\/v2\/posts"}],"about":[{"href":"https:\/\/www.ilmercoledi.news\/ilmercoledi\/news\/wp-json\/wp\/v2\/types\/post"}],"author":[{"embeddable":true,"href":"https:\/\/www.ilmercoledi.news\/ilmercoledi\/news\/wp-json\/wp\/v2\/users\/11"}],"replies":[{"embeddable":true,"href":"https:\/\/www.ilmercoledi.news\/ilmercoledi\/news\/wp-json\/wp\/v2\/comments?post=51422"}],"version-history":[{"count":1,"href":"https:\/\/www.ilmercoledi.news\/ilmercoledi\/news\/wp-json\/wp\/v2\/posts\/51422\/revisions"}],"predecessor-version":[{"id":67580,"href":"https:\/\/www.ilmercoledi.news\/ilmercoledi\/news\/wp-json\/wp\/v2\/posts\/51422\/revisions\/67580"}],"wp:featuredmedia":[{"embeddable":true,"href":"https:\/\/www.ilmercoledi.news\/ilmercoledi\/news\/wp-json\/wp\/v2\/media\/42050"}],"wp:attachment":[{"href":"https:\/\/www.ilmercoledi.news\/ilmercoledi\/news\/wp-json\/wp\/v2\/media?parent=51422"}],"wp:term":[{"taxonomy":"category","embeddable":true,"href":"https:\/\/www.ilmercoledi.news\/ilmercoledi\/news\/wp-json\/wp\/v2\/categories?post=51422"},{"taxonomy":"post_tag","embeddable":true,"href":"https:\/\/www.ilmercoledi.news\/ilmercoledi\/news\/wp-json\/wp\/v2\/tags?post=51422"},{"taxonomy":"news-destination","embeddable":true,"href":"https:\/\/www.ilmercoledi.news\/ilmercoledi\/news\/wp-json\/wp\/v2\/news-destination?post=51422"},{"taxonomy":"news-source","embeddable":true,"href":"https:\/\/www.ilmercoledi.news\/ilmercoledi\/news\/wp-json\/wp\/v2\/news-source?post=51422"},{"taxonomy":"is_homepage","embeddable":true,"href":"https:\/\/www.ilmercoledi.news\/ilmercoledi\/news\/wp-json\/wp\/v2\/is_homepage?post=51422"},{"taxonomy":"ta_other","embeddable":true,"href":"https:\/\/www.ilmercoledi.news\/ilmercoledi\/news\/wp-json\/wp\/v2\/ta_other?post=51422"}],"curies":[{"name":"wp","href":"https:\/\/api.w.org\/{rel}","templated":true}]}}