{"id":51455,"date":"2023-02-01T07:15:30","date_gmt":"2023-02-01T06:15:30","guid":{"rendered":"https:\/\/www-ilmercoledi-news-*.sitenm.com\/?p=51455"},"modified":"2024-08-29T06:59:34","modified_gmt":"2023-11-03T06:59:34","slug":"poirino-incontro-allunitre-sul-mondo-delle-banche","status":"publish","type":"post","link":"https:\/\/www.ilmercoledi.news\/2023\/02\/01\/poirino-incontro-allunitre-sul-mondo-delle-banche\/","title":{"rendered":"POIRINO &#8211; Incontro all&#8217;Unitre sul mondo delle banche"},"content":{"rendered":"<p>Oggi, mercoled\u00ec 1 febbraio alle ore 16 presso la sede dell&#8217;Unitre di Poirino, in via Roma, nuovo appuntamento con le conferenze dedicate alla popolazione poirinese. Questa volta il tema sar\u00e0 legato al mondo della finanza e i rapporti tra i clienti e le banche. &#8220;La banca ha sempre ragione?&#8221; \u00e8 li titolo della conferenza. Il relatore sar\u00e0 Mario Magliano<\/p>\n","protected":false},"excerpt":{"rendered":"","protected":false},"author":11,"featured_media":45218,"comment_status":"open","ping_status":"closed","sticky":false,"template":"","format":"standard","meta":[],"categories":[34],"tags":[],"news-destination":[],"news-source":[],"is_homepage":[581],"ta_other":[],"_links":{"self":[{"href":"https:\/\/www.ilmercoledi.news\/ilmercoledi\/news\/wp-json\/wp\/v2\/posts\/51455"}],"collection":[{"href":"https:\/\/www.ilmercoledi.news\/ilmercoledi\/news\/wp-json\/wp\/v2\/posts"}],"about":[{"href":"https:\/\/www.ilmercoledi.news\/ilmercoledi\/news\/wp-json\/wp\/v2\/types\/post"}],"author":[{"embeddable":true,"href":"https:\/\/www.ilmercoledi.news\/ilmercoledi\/news\/wp-json\/wp\/v2\/users\/11"}],"replies":[{"embeddable":true,"href":"https:\/\/www.ilmercoledi.news\/ilmercoledi\/news\/wp-json\/wp\/v2\/comments?post=51455"}],"version-history":[{"count":1,"href":"https:\/\/www.ilmercoledi.news\/ilmercoledi\/news\/wp-json\/wp\/v2\/posts\/51455\/revisions"}],"predecessor-version":[{"id":67417,"href":"https:\/\/www.ilmercoledi.news\/ilmercoledi\/news\/wp-json\/wp\/v2\/posts\/51455\/revisions\/67417"}],"wp:featuredmedia":[{"embeddable":true,"href":"https:\/\/www.ilmercoledi.news\/ilmercoledi\/news\/wp-json\/wp\/v2\/media\/45218"}],"wp:attachment":[{"href":"https:\/\/www.ilmercoledi.news\/ilmercoledi\/news\/wp-json\/wp\/v2\/media?parent=51455"}],"wp:term":[{"taxonomy":"category","embeddable":true,"href":"https:\/\/www.ilmercoledi.news\/ilmercoledi\/news\/wp-json\/wp\/v2\/categories?post=51455"},{"taxonomy":"post_tag","embeddable":true,"href":"https:\/\/www.ilmercoledi.news\/ilmercoledi\/news\/wp-json\/wp\/v2\/tags?post=51455"},{"taxonomy":"news-destination","embeddable":true,"href":"https:\/\/www.ilmercoledi.news\/ilmercoledi\/news\/wp-json\/wp\/v2\/news-destination?post=51455"},{"taxonomy":"news-source","embeddable":true,"href":"https:\/\/www.ilmercoledi.news\/ilmercoledi\/news\/wp-json\/wp\/v2\/news-source?post=51455"},{"taxonomy":"is_homepage","embeddable":true,"href":"https:\/\/www.ilmercoledi.news\/ilmercoledi\/news\/wp-json\/wp\/v2\/is_homepage?post=51455"},{"taxonomy":"ta_other","embeddable":true,"href":"https:\/\/www.ilmercoledi.news\/ilmercoledi\/news\/wp-json\/wp\/v2\/ta_other?post=51455"}],"curies":[{"name":"wp","href":"https:\/\/api.w.org\/{rel}","templated":true}]}}