{"id":51600,"date":"2023-02-10T07:04:42","date_gmt":"2023-02-10T06:04:42","guid":{"rendered":"https:\/\/www-ilmercoledi-news-*.sitenm.com\/?p=51600"},"modified":"2024-08-29T06:59:34","modified_gmt":"2023-11-03T06:59:34","slug":"santena-ripristinato-il-semaforo-sul-ponte-del-banna","status":"publish","type":"post","link":"https:\/\/www.ilmercoledi.news\/2023\/02\/10\/santena-ripristinato-il-semaforo-sul-ponte-del-banna\/","title":{"rendered":"SANTENA &#8211; Ripristinato il semaforo sul Ponte del Banna"},"content":{"rendered":"<p>Ripristinato il semaforo sul Ponte del Banna, a Santena. Possono tornare a circolare scuolabus e autobus di linea in via Cavour in direzione Trinit\u00e0. Dopo circa una settimana di blocco, da oggi il capolinea del 45 torna in piazza Carducci e anche il transito di tutti gli autobus torna alla normalit\u00e0. I tecnici sono infatti riusciti a scoprire il problema del mal funzionamento del semaforo che regola il traffico dei mezzi pesanti sul Ponte Banna: \u00abLa scheda che gestisce il senso unico alternato in presenza di pullman \u00e8 stata riparata &#8211; spiega Giovanni Iazzuzzi, consigliere di maggioranza con deleghe alla viabilit\u00e0 &#8211; Da gioved\u00ec scorso era rimasto spento perch\u00e9 non riusciva a rilevare l\u2019arrivo di mezzi pesanti, causando quindi ingorghi e possibili sinistri\u00bb.<\/p>\n<p>A causa del mal funzionamento dell\u2019impianto semaforico Gtt ha deciso di spostare il capolinea del 45 in piazza Cosma e Damiano e deviare il passaggio anche delle altre tratte:\u00abOra che \u00e8 stato scoperto il problema potremo ottimizzare il sistema di rilevazione &#8211; anticipa il sindaco Roberto Ghio &#8211; Ringraziamo tutti i cittadini per la pazienza. Purtroppo ci sono voluti alcuni giorni per capire cosa mandasse in tilt il sistema di rilevazione. Ora tutto dovrebbe essere tornato alla normalit\u00e0\u00bb.<\/p>\n<p>&nbsp;<\/p>\n","protected":false},"excerpt":{"rendered":"","protected":false},"author":11,"featured_media":51598,"comment_status":"open","ping_status":"closed","sticky":false,"template":"","format":"standard","meta":[],"categories":[34],"tags":[],"news-destination":[],"news-source":[],"is_homepage":[581],"ta_other":[],"_links":{"self":[{"href":"https:\/\/www.ilmercoledi.news\/ilmercoledi\/news\/wp-json\/wp\/v2\/posts\/51600"}],"collection":[{"href":"https:\/\/www.ilmercoledi.news\/ilmercoledi\/news\/wp-json\/wp\/v2\/posts"}],"about":[{"href":"https:\/\/www.ilmercoledi.news\/ilmercoledi\/news\/wp-json\/wp\/v2\/types\/post"}],"author":[{"embeddable":true,"href":"https:\/\/www.ilmercoledi.news\/ilmercoledi\/news\/wp-json\/wp\/v2\/users\/11"}],"replies":[{"embeddable":true,"href":"https:\/\/www.ilmercoledi.news\/ilmercoledi\/news\/wp-json\/wp\/v2\/comments?post=51600"}],"version-history":[{"count":1,"href":"https:\/\/www.ilmercoledi.news\/ilmercoledi\/news\/wp-json\/wp\/v2\/posts\/51600\/revisions"}],"predecessor-version":[{"id":67519,"href":"https:\/\/www.ilmercoledi.news\/ilmercoledi\/news\/wp-json\/wp\/v2\/posts\/51600\/revisions\/67519"}],"wp:featuredmedia":[{"embeddable":true,"href":"https:\/\/www.ilmercoledi.news\/ilmercoledi\/news\/wp-json\/wp\/v2\/media\/51598"}],"wp:attachment":[{"href":"https:\/\/www.ilmercoledi.news\/ilmercoledi\/news\/wp-json\/wp\/v2\/media?parent=51600"}],"wp:term":[{"taxonomy":"category","embeddable":true,"href":"https:\/\/www.ilmercoledi.news\/ilmercoledi\/news\/wp-json\/wp\/v2\/categories?post=51600"},{"taxonomy":"post_tag","embeddable":true,"href":"https:\/\/www.ilmercoledi.news\/ilmercoledi\/news\/wp-json\/wp\/v2\/tags?post=51600"},{"taxonomy":"news-destination","embeddable":true,"href":"https:\/\/www.ilmercoledi.news\/ilmercoledi\/news\/wp-json\/wp\/v2\/news-destination?post=51600"},{"taxonomy":"news-source","embeddable":true,"href":"https:\/\/www.ilmercoledi.news\/ilmercoledi\/news\/wp-json\/wp\/v2\/news-source?post=51600"},{"taxonomy":"is_homepage","embeddable":true,"href":"https:\/\/www.ilmercoledi.news\/ilmercoledi\/news\/wp-json\/wp\/v2\/is_homepage?post=51600"},{"taxonomy":"ta_other","embeddable":true,"href":"https:\/\/www.ilmercoledi.news\/ilmercoledi\/news\/wp-json\/wp\/v2\/ta_other?post=51600"}],"curies":[{"name":"wp","href":"https:\/\/api.w.org\/{rel}","templated":true}]}}