{"id":51603,"date":"2023-02-10T07:23:54","date_gmt":"2023-02-10T06:23:54","guid":{"rendered":"https:\/\/www-ilmercoledi-news-*.sitenm.com\/?p=51603"},"modified":"2024-08-29T06:59:34","modified_gmt":"2023-11-03T06:59:34","slug":"vinovo-il-tar-respinge-il-ricorso-della-sport-la-piscina-comunale-potra-avere-un-nuovo-gestore","status":"publish","type":"post","link":"https:\/\/www.ilmercoledi.news\/2023\/02\/10\/vinovo-il-tar-respinge-il-ricorso-della-sport-la-piscina-comunale-potra-avere-un-nuovo-gestore\/","title":{"rendered":"VINOVO &#8211; Il Tar respinge il ricorso della On Sport, la piscina comunale potr\u00e0 avere un nuovo gestore"},"content":{"rendered":"<p>Il Tribunale Amministrativo Regionale, con sentenza depositata il 3 febbraio 2023, ha confermando la decisione del Comune di Vinovo di pronunciare la decadenza della Concessione della piscina comunale e condannando la societ\u00e0 On Sport al pagamento, in favore dell\u2019amministrazione, delle spese processuali.<\/p>\n<p>La sentenza afferma che \u201cL\u2019atteggiamento del Comune non \u00e8 contrario alla buona fede n\u00e9 pu\u00f2 considerarsi lesivo del legittimo affidamento di On Sport, tenuto conto del colpevole inadempimento di quest\u2019ultima delle obbligazioni assunte con l\u2019Istituto di Credito\u201d. Il Comune aveva tolto la concessione alla societ\u00e0 per questioni economiche.<\/p>\n<p>Il Tribunale Amministrativo Regionale per il Piemonte ha ordinato infine all\u2019amministrazione comunale di eseguire la sentenza: verr\u00e0 quindi avviato l\u2019iter per la reimmissione in possesso dell\u2019impianto con l\u2019affidamento ad un nuovo gestore.<\/p>\n<p>&nbsp;<\/p>\n<p>&nbsp;<\/p>\n","protected":false},"excerpt":{"rendered":"","protected":false},"author":11,"featured_media":4878,"comment_status":"open","ping_status":"closed","sticky":false,"template":"","format":"standard","meta":[],"categories":[34],"tags":[],"news-destination":[],"news-source":[],"is_homepage":[581],"ta_other":[],"_links":{"self":[{"href":"https:\/\/www.ilmercoledi.news\/ilmercoledi\/news\/wp-json\/wp\/v2\/posts\/51603"}],"collection":[{"href":"https:\/\/www.ilmercoledi.news\/ilmercoledi\/news\/wp-json\/wp\/v2\/posts"}],"about":[{"href":"https:\/\/www.ilmercoledi.news\/ilmercoledi\/news\/wp-json\/wp\/v2\/types\/post"}],"author":[{"embeddable":true,"href":"https:\/\/www.ilmercoledi.news\/ilmercoledi\/news\/wp-json\/wp\/v2\/users\/11"}],"replies":[{"embeddable":true,"href":"https:\/\/www.ilmercoledi.news\/ilmercoledi\/news\/wp-json\/wp\/v2\/comments?post=51603"}],"version-history":[{"count":1,"href":"https:\/\/www.ilmercoledi.news\/ilmercoledi\/news\/wp-json\/wp\/v2\/posts\/51603\/revisions"}],"predecessor-version":[{"id":67522,"href":"https:\/\/www.ilmercoledi.news\/ilmercoledi\/news\/wp-json\/wp\/v2\/posts\/51603\/revisions\/67522"}],"wp:featuredmedia":[{"embeddable":true,"href":"https:\/\/www.ilmercoledi.news\/ilmercoledi\/news\/wp-json\/wp\/v2\/media\/4878"}],"wp:attachment":[{"href":"https:\/\/www.ilmercoledi.news\/ilmercoledi\/news\/wp-json\/wp\/v2\/media?parent=51603"}],"wp:term":[{"taxonomy":"category","embeddable":true,"href":"https:\/\/www.ilmercoledi.news\/ilmercoledi\/news\/wp-json\/wp\/v2\/categories?post=51603"},{"taxonomy":"post_tag","embeddable":true,"href":"https:\/\/www.ilmercoledi.news\/ilmercoledi\/news\/wp-json\/wp\/v2\/tags?post=51603"},{"taxonomy":"news-destination","embeddable":true,"href":"https:\/\/www.ilmercoledi.news\/ilmercoledi\/news\/wp-json\/wp\/v2\/news-destination?post=51603"},{"taxonomy":"news-source","embeddable":true,"href":"https:\/\/www.ilmercoledi.news\/ilmercoledi\/news\/wp-json\/wp\/v2\/news-source?post=51603"},{"taxonomy":"is_homepage","embeddable":true,"href":"https:\/\/www.ilmercoledi.news\/ilmercoledi\/news\/wp-json\/wp\/v2\/is_homepage?post=51603"},{"taxonomy":"ta_other","embeddable":true,"href":"https:\/\/www.ilmercoledi.news\/ilmercoledi\/news\/wp-json\/wp\/v2\/ta_other?post=51603"}],"curies":[{"name":"wp","href":"https:\/\/api.w.org\/{rel}","templated":true}]}}