{"id":51610,"date":"2023-02-10T07:37:15","date_gmt":"2023-02-10T06:37:15","guid":{"rendered":"https:\/\/www-ilmercoledi-news-*.sitenm.com\/?p=51610"},"modified":"2024-08-29T06:59:24","modified_gmt":"2023-11-03T06:59:24","slug":"carmagnola-orario-celebrazioni-festa-beata-enrichetta","status":"publish","type":"post","link":"https:\/\/www.ilmercoledi.news\/2023\/02\/10\/carmagnola-orario-celebrazioni-festa-beata-enrichetta\/","title":{"rendered":"CARMAGNOLA &#8211; Orario celebrazioni festa Beata Enrichetta"},"content":{"rendered":"<p>La Parrocchia di Salsasio si sta preparando per festeggiare la Beata Madre Enrichetta Dominici, che nel borgo nacque il 10 ottobre 1829 e a cui \u00e8 dedicata la nuova chiesa parrocchiale.<\/p>\n<p>Le celebrazioni e le iniziative sono state organizzate dalla Parrocchia Santa Maria di Salsasio in collaborazione con la Congregazione delle Suore di Sant\u2019Anna, figlie spirituali della Beata Enrichetta.<\/p>\n<p>Le celebrazioni religiose inizieranno con il triduo gioved\u00ec 16 febbraio nella chiesa nuova in via Novara 102 alle 17,30 con il Rosario guidato dalle Suore di Sant\u2019Anna con le meditazioni sulla vita della Beata. Alle 18 S. Messa e Benedizione con la Reliquia della Beata Enrichetta.<\/p>\n<p>Venerd\u00ec 17 sempre nella chiesa nuova alle 17 Adorazione Eucaristica animata dalle Suore di Sant\u2019Anna con le meditazioni sulla vita della Beata e alle 18 S. Messa e Benedizione con la Reliquia.<\/p>\n<p>Sabato 18 alle 17,30 S. Rosario meditato sulla vita di Madre Enrichetta, guidato dalle Suore di Sant\u2019Anna e alle 18 S. Messa e Benedizione con la Reliquia nella chiesa nuova.<\/p>\n<p>Domenica 19 febbraio sar\u00e0 il momento della grande festa con alle 9 la S. Messa nella chiesa antica di Salsasio, dove la Beata Enrichetta \u00e8 stata Battezzata con i nomi di Anna Caterina Maria e alle ore 11 nella chiesa nuova la Santa Messa solenne e la Benedizione con la Reliquia della Beata.<\/p>\n<p>Il giorno della festa liturgica di Madre Enrichetta, marted\u00ec 21 febbraio alle 17,30, sempre nella chiesa nuova a lei dedicata, verr\u00e0 recitato il Rosario e alle 18 verr\u00e0 celebrata la S. Messa con in conclusione la Benedizione con la Reliquia.<\/p>\n<p>Venerd\u00ec 17 febbraio alle 21 sempre nella chiesa nuova di via Novara 102 si terr\u00e0 anche un incontro guidato dalle Suore di Sant\u2019Anna sulla vita della Beata Dominici dal titolo &#8220;La Beata Enrichetta: un dono di Vita!&#8221;.<\/p>\n<p>&nbsp;<\/p>\n","protected":false},"excerpt":{"rendered":"","protected":false},"author":11,"featured_media":15839,"comment_status":"open","ping_status":"closed","sticky":false,"template":"","format":"standard","meta":[],"categories":[34],"tags":[],"news-destination":[],"news-source":[],"is_homepage":[581],"ta_other":[],"_links":{"self":[{"href":"https:\/\/www.ilmercoledi.news\/ilmercoledi\/news\/wp-json\/wp\/v2\/posts\/51610"}],"collection":[{"href":"https:\/\/www.ilmercoledi.news\/ilmercoledi\/news\/wp-json\/wp\/v2\/posts"}],"about":[{"href":"https:\/\/www.ilmercoledi.news\/ilmercoledi\/news\/wp-json\/wp\/v2\/types\/post"}],"author":[{"embeddable":true,"href":"https:\/\/www.ilmercoledi.news\/ilmercoledi\/news\/wp-json\/wp\/v2\/users\/11"}],"replies":[{"embeddable":true,"href":"https:\/\/www.ilmercoledi.news\/ilmercoledi\/news\/wp-json\/wp\/v2\/comments?post=51610"}],"version-history":[{"count":1,"href":"https:\/\/www.ilmercoledi.news\/ilmercoledi\/news\/wp-json\/wp\/v2\/posts\/51610\/revisions"}],"predecessor-version":[{"id":67382,"href":"https:\/\/www.ilmercoledi.news\/ilmercoledi\/news\/wp-json\/wp\/v2\/posts\/51610\/revisions\/67382"}],"wp:featuredmedia":[{"embeddable":true,"href":"https:\/\/www.ilmercoledi.news\/ilmercoledi\/news\/wp-json\/wp\/v2\/media\/15839"}],"wp:attachment":[{"href":"https:\/\/www.ilmercoledi.news\/ilmercoledi\/news\/wp-json\/wp\/v2\/media?parent=51610"}],"wp:term":[{"taxonomy":"category","embeddable":true,"href":"https:\/\/www.ilmercoledi.news\/ilmercoledi\/news\/wp-json\/wp\/v2\/categories?post=51610"},{"taxonomy":"post_tag","embeddable":true,"href":"https:\/\/www.ilmercoledi.news\/ilmercoledi\/news\/wp-json\/wp\/v2\/tags?post=51610"},{"taxonomy":"news-destination","embeddable":true,"href":"https:\/\/www.ilmercoledi.news\/ilmercoledi\/news\/wp-json\/wp\/v2\/news-destination?post=51610"},{"taxonomy":"news-source","embeddable":true,"href":"https:\/\/www.ilmercoledi.news\/ilmercoledi\/news\/wp-json\/wp\/v2\/news-source?post=51610"},{"taxonomy":"is_homepage","embeddable":true,"href":"https:\/\/www.ilmercoledi.news\/ilmercoledi\/news\/wp-json\/wp\/v2\/is_homepage?post=51610"},{"taxonomy":"ta_other","embeddable":true,"href":"https:\/\/www.ilmercoledi.news\/ilmercoledi\/news\/wp-json\/wp\/v2\/ta_other?post=51610"}],"curies":[{"name":"wp","href":"https:\/\/api.w.org\/{rel}","templated":true}]}}