{"id":51660,"date":"2023-02-13T14:53:13","date_gmt":"2023-02-13T13:53:13","guid":{"rendered":"https:\/\/www-ilmercoledi-news-*.sitenm.com\/?p=51660"},"modified":"2024-08-29T06:59:24","modified_gmt":"2023-11-03T06:59:24","slug":"nichelino-il-carro-di-carnevale-della-citta-non-ha-potuto-sfilare-rivoli-per-questioni-di-sicurezza","status":"publish","type":"post","link":"https:\/\/www.ilmercoledi.news\/2023\/02\/13\/nichelino-il-carro-di-carnevale-della-citta-non-ha-potuto-sfilare-rivoli-per-questioni-di-sicurezza\/","title":{"rendered":"NICHELINO &#8211; Il carro di carnevale della citt\u00e0 non ha potuto sfilare a Rivoli per questioni di sicurezza"},"content":{"rendered":"<p>C&#8217;era anche il carro di carnevale della citt\u00e0 di Nichelino coinvolto ieri nel pasticcio della sfilata allegorica di Rivoli, bloccata a met\u00e0 per ragioni si sicurezza. Uno dei carri pi\u00f9 grandi non aveva lo spazio sufficiente per transitare sotto alberi e semaforo di corso Susa e il comitato di sicurezza ha fermato tutto. Tra i carri che sono stati bloccati e non hanno potuto sfilare perch\u00e9 &#8220;troppo grandi&#8221; c&#8217;era anche quello di Nichelino.<\/p>\n","protected":false},"excerpt":{"rendered":"","protected":false},"author":11,"featured_media":51657,"comment_status":"open","ping_status":"closed","sticky":false,"template":"","format":"standard","meta":[],"categories":[34],"tags":[],"news-destination":[],"news-source":[],"is_homepage":[581],"ta_other":[],"_links":{"self":[{"href":"https:\/\/www.ilmercoledi.news\/ilmercoledi\/news\/wp-json\/wp\/v2\/posts\/51660"}],"collection":[{"href":"https:\/\/www.ilmercoledi.news\/ilmercoledi\/news\/wp-json\/wp\/v2\/posts"}],"about":[{"href":"https:\/\/www.ilmercoledi.news\/ilmercoledi\/news\/wp-json\/wp\/v2\/types\/post"}],"author":[{"embeddable":true,"href":"https:\/\/www.ilmercoledi.news\/ilmercoledi\/news\/wp-json\/wp\/v2\/users\/11"}],"replies":[{"embeddable":true,"href":"https:\/\/www.ilmercoledi.news\/ilmercoledi\/news\/wp-json\/wp\/v2\/comments?post=51660"}],"version-history":[{"count":1,"href":"https:\/\/www.ilmercoledi.news\/ilmercoledi\/news\/wp-json\/wp\/v2\/posts\/51660\/revisions"}],"predecessor-version":[{"id":67385,"href":"https:\/\/www.ilmercoledi.news\/ilmercoledi\/news\/wp-json\/wp\/v2\/posts\/51660\/revisions\/67385"}],"wp:featuredmedia":[{"embeddable":true,"href":"https:\/\/www.ilmercoledi.news\/ilmercoledi\/news\/wp-json\/wp\/v2\/media\/51657"}],"wp:attachment":[{"href":"https:\/\/www.ilmercoledi.news\/ilmercoledi\/news\/wp-json\/wp\/v2\/media?parent=51660"}],"wp:term":[{"taxonomy":"category","embeddable":true,"href":"https:\/\/www.ilmercoledi.news\/ilmercoledi\/news\/wp-json\/wp\/v2\/categories?post=51660"},{"taxonomy":"post_tag","embeddable":true,"href":"https:\/\/www.ilmercoledi.news\/ilmercoledi\/news\/wp-json\/wp\/v2\/tags?post=51660"},{"taxonomy":"news-destination","embeddable":true,"href":"https:\/\/www.ilmercoledi.news\/ilmercoledi\/news\/wp-json\/wp\/v2\/news-destination?post=51660"},{"taxonomy":"news-source","embeddable":true,"href":"https:\/\/www.ilmercoledi.news\/ilmercoledi\/news\/wp-json\/wp\/v2\/news-source?post=51660"},{"taxonomy":"is_homepage","embeddable":true,"href":"https:\/\/www.ilmercoledi.news\/ilmercoledi\/news\/wp-json\/wp\/v2\/is_homepage?post=51660"},{"taxonomy":"ta_other","embeddable":true,"href":"https:\/\/www.ilmercoledi.news\/ilmercoledi\/news\/wp-json\/wp\/v2\/ta_other?post=51660"}],"curies":[{"name":"wp","href":"https:\/\/api.w.org\/{rel}","templated":true}]}}