{"id":51665,"date":"2023-02-14T06:59:42","date_gmt":"2023-02-14T05:59:42","guid":{"rendered":"https:\/\/www-ilmercoledi-news-*.sitenm.com\/?p=51665"},"modified":"2024-08-29T06:59:24","modified_gmt":"2023-11-03T06:59:24","slug":"asl-5-ospedale-unico-cambiano-diego-sarno-pd-scelta-politica-si-torna-indietro-di-15-anni","status":"publish","type":"post","link":"https:\/\/www.ilmercoledi.news\/2023\/02\/14\/asl-5-ospedale-unico-cambiano-diego-sarno-pd-scelta-politica-si-torna-indietro-di-15-anni\/","title":{"rendered":"ASL TO 5 &#8211; Ospedale unico a Cambiano, Diego Sarno (Pd): &#8216;Scelta politica, si torna indietro di 15 anni&#8217;"},"content":{"rendered":"<p>&#8220;La Giunta Regionale &#8211; dichiara il consigliere regionale Pd, Diego Sarno &#8211; ha deciso di individuare il comune di Cambiano come luogo per la realizzazione dell\u2019Ospedale Unico dell\u2019ASL TO5. In questi 1365 giorni il Presidente Cirio e l\u2019assessore Icardi, per una logica strettamente politica-partitica, hanno riportato la lancetta indietro di 15 anni rimettendo in discussione la scelta di Moncalieri-Trofarello (di seguito Vad\u00f2), scelta presa dai tecnici della Regione ben sei anni fa, nel 2018. Tutto era pronto e bastava realizzare il progetto definitivo ed esecutivo per poi mettere a gara i lavori: oggi avremmo la posa della prima pietra. Nel comunicato dell\u2019assessore Icardi ci sono molte inesattezze e drammatiche dimenticanze di fatti e di dati. Una su tutte, dai risultati dello studio del Politecnico di Torino sull\u2019area Vad\u00f2: \u201cil rischio complessivo associato alla costruzione di un edificio a destinazione ospedaliero, adeguatamente progettato, sia da considerarsi ragionevolmente basso[\u2026] gli scriventi ritengono che l\u2019area analizzata sia tecnicamente idonea alla realizzazione del nuovo ospedale unico. Quanto qui riportato \u00e8 del tutto assente nelle considerazioni dell\u2019Assessore Icardi che sceglie di stravolgere la realt\u00e0. Perch\u00e9?&#8221;<\/p>\n<p>Dopo la decisione della giunta, ora spetter\u00e0 al consiglio regionale decidere: &#8220;In questi 1365 giorni &#8211; prosegue il consigliere Sarno &#8211; non si \u00e8 mai voluto, se non in due singoli occasioni, qualche mese fa, dare ascolto ai Sindaci del territorio che anche con un&#8217;ultima comunicazione hanno posto l\u2019accento sulla scelta dei criteri grazie ai quali l\u2019ultimo studio ha favorito il sito di Cambiano ed \u00e8 stato l&#8217;unico (ripeto, l&#8217;unico) ad esprimersi in tal senso. Tutti gli altri, compreso quello sviluppato da IRES, avevano dato parere positivo su Vad\u00f2. Ora la parola spetta al Consiglio e l\u00ec evidenzieremo come questa giunta abbia non solo perso tempo, ma anche stravolto la realt\u00e0 delle valutazioni per piegarla ai suoi interessi campanilistici. Racconteremo ai piemontesi della totale inaffidabilit\u00e0, inadeguatezza e irresponsabilit\u00e0 di questa giunta, a partire dal Presidente Cirio che in questi 1365 giorni \u00e8 stato completamente assente e in silenzio. Con questa decisione, oggi il territorio aspetta una risposta sugli interventi sugli ospedali presenti sul territorio, da anni al collasso e sempre meno efficienti. In questi tre anni e mezzo la Giunta Cirio aveva promesso la costruzione di diversi ospedali e ad oggi, 13 febbraio 2023, non ha portato a conclusione neanche un progetto utile da poter appaltare. Sfidiamo Cirio e Icardi a portare entro la fine della legislatura il progetto esecutivo dell\u2019Ospedale Unico ASL TO5 cos\u00ec da poter appaltare i lavori, altrimenti la notizia di oggi sar\u00e0 stata l\u2019ennesimo annuncio utile per qualche bel titolo sui giornali. Noi saremo l\u00ec a vigilare ma senza fare ostruzionismo perch\u00e9, come abbiamo sempre detto, \u201cl\u2019Ospedale Unico in ASL TO5 \u00e8 la priorit\u00e0\u201d e, a differenza della destra, per noi non c&#8217;\u00e8 campanilismo che tenga.&#8221;<\/p>\n","protected":false},"excerpt":{"rendered":"","protected":false},"author":11,"featured_media":32998,"comment_status":"open","ping_status":"closed","sticky":false,"template":"","format":"standard","meta":[],"categories":[34],"tags":[],"news-destination":[],"news-source":[],"is_homepage":[581],"ta_other":[],"_links":{"self":[{"href":"https:\/\/www.ilmercoledi.news\/ilmercoledi\/news\/wp-json\/wp\/v2\/posts\/51665"}],"collection":[{"href":"https:\/\/www.ilmercoledi.news\/ilmercoledi\/news\/wp-json\/wp\/v2\/posts"}],"about":[{"href":"https:\/\/www.ilmercoledi.news\/ilmercoledi\/news\/wp-json\/wp\/v2\/types\/post"}],"author":[{"embeddable":true,"href":"https:\/\/www.ilmercoledi.news\/ilmercoledi\/news\/wp-json\/wp\/v2\/users\/11"}],"replies":[{"embeddable":true,"href":"https:\/\/www.ilmercoledi.news\/ilmercoledi\/news\/wp-json\/wp\/v2\/comments?post=51665"}],"version-history":[{"count":1,"href":"https:\/\/www.ilmercoledi.news\/ilmercoledi\/news\/wp-json\/wp\/v2\/posts\/51665\/revisions"}],"predecessor-version":[{"id":67398,"href":"https:\/\/www.ilmercoledi.news\/ilmercoledi\/news\/wp-json\/wp\/v2\/posts\/51665\/revisions\/67398"}],"wp:featuredmedia":[{"embeddable":true,"href":"https:\/\/www.ilmercoledi.news\/ilmercoledi\/news\/wp-json\/wp\/v2\/media\/32998"}],"wp:attachment":[{"href":"https:\/\/www.ilmercoledi.news\/ilmercoledi\/news\/wp-json\/wp\/v2\/media?parent=51665"}],"wp:term":[{"taxonomy":"category","embeddable":true,"href":"https:\/\/www.ilmercoledi.news\/ilmercoledi\/news\/wp-json\/wp\/v2\/categories?post=51665"},{"taxonomy":"post_tag","embeddable":true,"href":"https:\/\/www.ilmercoledi.news\/ilmercoledi\/news\/wp-json\/wp\/v2\/tags?post=51665"},{"taxonomy":"news-destination","embeddable":true,"href":"https:\/\/www.ilmercoledi.news\/ilmercoledi\/news\/wp-json\/wp\/v2\/news-destination?post=51665"},{"taxonomy":"news-source","embeddable":true,"href":"https:\/\/www.ilmercoledi.news\/ilmercoledi\/news\/wp-json\/wp\/v2\/news-source?post=51665"},{"taxonomy":"is_homepage","embeddable":true,"href":"https:\/\/www.ilmercoledi.news\/ilmercoledi\/news\/wp-json\/wp\/v2\/is_homepage?post=51665"},{"taxonomy":"ta_other","embeddable":true,"href":"https:\/\/www.ilmercoledi.news\/ilmercoledi\/news\/wp-json\/wp\/v2\/ta_other?post=51665"}],"curies":[{"name":"wp","href":"https:\/\/api.w.org\/{rel}","templated":true}]}}