{"id":51684,"date":"2023-02-14T14:33:37","date_gmt":"2023-02-14T13:33:37","guid":{"rendered":"https:\/\/www-ilmercoledi-news-*.sitenm.com\/?p=51684"},"modified":"2024-08-29T06:59:24","modified_gmt":"2023-11-03T06:59:24","slug":"trofarello-presentata-la-nuova-palestra-sandro-pertini","status":"publish","type":"post","link":"https:\/\/www.ilmercoledi.news\/2023\/02\/14\/trofarello-presentata-la-nuova-palestra-sandro-pertini\/","title":{"rendered":"TROFARELLO &#8211; Presentata la nuova palestra Sandro Pertini"},"content":{"rendered":"<p>Presentata a Trofarello la nuova palestra Sandro Pertini. Un progetto portato avanti con sinergia e voluto insieme alla Trofarello Sport e Cultura ASD con un pensiero a Massimo Caccianiga che si \u00e8 battuto sempre per questo nuova palestra. La nuova palestra avr\u00e0 un impatto importante per la comunit\u00e0, servir\u00e0 infatti ad aumentare la possibilit\u00e0 per le squadre e i ragazzi di allenarsi con spazi funzionali e nuovi. Oltre alla palestra esistente, tramite una passerella esterna coperta verr\u00e0 collegata la nuova palestra polifunzionale, per gli allenamenti delle squadre. &#8220;Come Amministrazione Comunale &#8211; dice il sindaco Stefano Napoletano -, lo abbiamo detto dal primo giorno che ci siamo insediati che lo sport sarebbe stato una dei nostri obbiettivi e aver portato, a compimento questo passaggio \u00e8 per noi molto importante&#8221;.<\/p>\n<p>&nbsp;<\/p>\n<p>&nbsp;<\/p>\n","protected":false},"excerpt":{"rendered":"","protected":false},"author":11,"featured_media":51682,"comment_status":"open","ping_status":"closed","sticky":false,"template":"","format":"standard","meta":[],"categories":[34],"tags":[],"news-destination":[],"news-source":[],"is_homepage":[581],"ta_other":[],"_links":{"self":[{"href":"https:\/\/www.ilmercoledi.news\/ilmercoledi\/news\/wp-json\/wp\/v2\/posts\/51684"}],"collection":[{"href":"https:\/\/www.ilmercoledi.news\/ilmercoledi\/news\/wp-json\/wp\/v2\/posts"}],"about":[{"href":"https:\/\/www.ilmercoledi.news\/ilmercoledi\/news\/wp-json\/wp\/v2\/types\/post"}],"author":[{"embeddable":true,"href":"https:\/\/www.ilmercoledi.news\/ilmercoledi\/news\/wp-json\/wp\/v2\/users\/11"}],"replies":[{"embeddable":true,"href":"https:\/\/www.ilmercoledi.news\/ilmercoledi\/news\/wp-json\/wp\/v2\/comments?post=51684"}],"version-history":[{"count":1,"href":"https:\/\/www.ilmercoledi.news\/ilmercoledi\/news\/wp-json\/wp\/v2\/posts\/51684\/revisions"}],"predecessor-version":[{"id":67412,"href":"https:\/\/www.ilmercoledi.news\/ilmercoledi\/news\/wp-json\/wp\/v2\/posts\/51684\/revisions\/67412"}],"wp:featuredmedia":[{"embeddable":true,"href":"https:\/\/www.ilmercoledi.news\/ilmercoledi\/news\/wp-json\/wp\/v2\/media\/51682"}],"wp:attachment":[{"href":"https:\/\/www.ilmercoledi.news\/ilmercoledi\/news\/wp-json\/wp\/v2\/media?parent=51684"}],"wp:term":[{"taxonomy":"category","embeddable":true,"href":"https:\/\/www.ilmercoledi.news\/ilmercoledi\/news\/wp-json\/wp\/v2\/categories?post=51684"},{"taxonomy":"post_tag","embeddable":true,"href":"https:\/\/www.ilmercoledi.news\/ilmercoledi\/news\/wp-json\/wp\/v2\/tags?post=51684"},{"taxonomy":"news-destination","embeddable":true,"href":"https:\/\/www.ilmercoledi.news\/ilmercoledi\/news\/wp-json\/wp\/v2\/news-destination?post=51684"},{"taxonomy":"news-source","embeddable":true,"href":"https:\/\/www.ilmercoledi.news\/ilmercoledi\/news\/wp-json\/wp\/v2\/news-source?post=51684"},{"taxonomy":"is_homepage","embeddable":true,"href":"https:\/\/www.ilmercoledi.news\/ilmercoledi\/news\/wp-json\/wp\/v2\/is_homepage?post=51684"},{"taxonomy":"ta_other","embeddable":true,"href":"https:\/\/www.ilmercoledi.news\/ilmercoledi\/news\/wp-json\/wp\/v2\/ta_other?post=51684"}],"curies":[{"name":"wp","href":"https:\/\/api.w.org\/{rel}","templated":true}]}}