{"id":51742,"date":"2023-02-16T18:28:54","date_gmt":"2023-02-16T17:28:54","guid":{"rendered":"https:\/\/www-ilmercoledi-news-*.sitenm.com\/?p=51742"},"modified":"2024-08-29T06:59:23","modified_gmt":"2023-11-03T06:59:23","slug":"carmagnola-spasso-con-numeri-nel-prossimo-aperilibro","status":"publish","type":"post","link":"https:\/\/www.ilmercoledi.news\/2023\/02\/16\/carmagnola-spasso-con-numeri-nel-prossimo-aperilibro\/","title":{"rendered":"CARMAGNOLA &#8211; \u00abA spasso con i numeri\u00bb nel prossimo Aperilibro"},"content":{"rendered":"<p>Gioved\u00ec 23 febbraio, nell&#8217;ambito dell&#8217;Aperilibro proposto dal Gruppo di Lettura di Carmagnola, ci sar\u00e0 Silvia Benvenuti. Docente di Matematica all\u2019Universit\u00e0 di Bologna, \u00e8 stata fra i primi studiosi a condurre appassionanti \u201cpasseggiate matematiche\u201d per non addetti ai lavori: \u00e8 il cosiddetto<br \/>\nmateturismo. L\u2019idea \u00e8 quella di visitare, con l\u2019aiuto di una guida esperta, una citt\u00e0 d\u2019arte o un luogo ricco di storia scoprendo quanto profonda sia la presenza dei numeri e della matematica nel suo tessuto architettonico e urbanistico. Scoprire quanto spesso dietro la facciata di un palazzo, nella prospettiva di un celebre affresco, nella struttura di un ponte o di una cupola che abbiamo visto decine di volte si nasconda una sorprendente s da matematica, che il pi\u00f9 delle volte ha coinvolto personalit\u00e0 illustri della storia della scienza e dell\u2019arte, da Leonardo a Bramante, costituisce un<br \/>\nmodo divertente e nuovo di viaggiare e di confrontarsi con il nostro paesaggio urbano. In dieci divertenti capitoli dedicati ad altrettante citt\u00e0 questo libro coinvolge il lettore in un mondo di sorprese e rompicapo alla scoperta di quanto profonda sia la presenza dei numeri nel tessuto architettonico e urbanistico. Un libro che si pu\u00f2 leggere camminando per il centro storico delle pi\u00f9 belle citt\u00e0 d\u2019arte, o anche in poltrona, per tornare a giocare con i numeri e riflettere sulla ricchezza della nostra storia culturale.<br \/>\nLA SCRITTRICE<br \/>\nSilvia Benvenuti \u00e8 professore di Matematiche complementari presso l\u2019Universit\u00e0 di Bologna. Dal 2006, conseguito il titolo di Master in Comunicazione della scienza presso la SISSA di Trieste, si occupa di comunicazione della matematica. \u00c8 membro del Centro matematita e del comitato Raising Public Awareness della European Mathematical Society, della commissione comunicazione dell\u2019Unione Matematica Italiana e del comitato scientifico di \u00abArchimede\u00bb, \u00abNuova Lettera Matematica\u00bb e di FermHAmente. \u00c8 membro della redazione di \u00abPrisma\u00bb e del comitato di coordinamento della Rivista Umi. Partecipa da anni a trasmissioni divulgative di Rai 3 e Rai Scuola. \u00c8 autrice di articoli di comunicazione scientifica per riviste quali \u00abLinx Magazine\u00bb, \u00abMaddmaths!\u00bb, \u00abFocus scuola\u00bb e di diverse monografie tra cui Geometrie non euclidee (2008),Insalate di matematica 3. Sette variazioni su arte, design e architettura (2010) e Dodici percorsi alla scoperta delle curiosit\u00e0 matematiche della Toscana (2021). Viaggiatrice per via genetica e matematica per formazione, si occupa da molti anni di turismo matematico. Il suo libro In viaggio con i numeri. Dieci passeggiate per mateturisti curiosi, \u00e8 in uscita a maggio per EDT. Per partecipare alla serata non \u00e8 necessario prenotare. L\u2019accesso \u00e8 consentito sino ad esaurimento posti. Per qualsiasi informazione potete chiamare il 392\/5938504<\/p>\n","protected":false},"excerpt":{"rendered":"","protected":false},"author":10,"featured_media":51741,"comment_status":"open","ping_status":"closed","sticky":false,"template":"","format":"standard","meta":[],"categories":[34,9],"tags":[],"news-destination":[],"news-source":[],"is_homepage":[],"ta_other":[],"_links":{"self":[{"href":"https:\/\/www.ilmercoledi.news\/ilmercoledi\/news\/wp-json\/wp\/v2\/posts\/51742"}],"collection":[{"href":"https:\/\/www.ilmercoledi.news\/ilmercoledi\/news\/wp-json\/wp\/v2\/posts"}],"about":[{"href":"https:\/\/www.ilmercoledi.news\/ilmercoledi\/news\/wp-json\/wp\/v2\/types\/post"}],"author":[{"embeddable":true,"href":"https:\/\/www.ilmercoledi.news\/ilmercoledi\/news\/wp-json\/wp\/v2\/users\/10"}],"replies":[{"embeddable":true,"href":"https:\/\/www.ilmercoledi.news\/ilmercoledi\/news\/wp-json\/wp\/v2\/comments?post=51742"}],"version-history":[{"count":1,"href":"https:\/\/www.ilmercoledi.news\/ilmercoledi\/news\/wp-json\/wp\/v2\/posts\/51742\/revisions"}],"predecessor-version":[{"id":67337,"href":"https:\/\/www.ilmercoledi.news\/ilmercoledi\/news\/wp-json\/wp\/v2\/posts\/51742\/revisions\/67337"}],"wp:featuredmedia":[{"embeddable":true,"href":"https:\/\/www.ilmercoledi.news\/ilmercoledi\/news\/wp-json\/wp\/v2\/media\/51741"}],"wp:attachment":[{"href":"https:\/\/www.ilmercoledi.news\/ilmercoledi\/news\/wp-json\/wp\/v2\/media?parent=51742"}],"wp:term":[{"taxonomy":"category","embeddable":true,"href":"https:\/\/www.ilmercoledi.news\/ilmercoledi\/news\/wp-json\/wp\/v2\/categories?post=51742"},{"taxonomy":"post_tag","embeddable":true,"href":"https:\/\/www.ilmercoledi.news\/ilmercoledi\/news\/wp-json\/wp\/v2\/tags?post=51742"},{"taxonomy":"news-destination","embeddable":true,"href":"https:\/\/www.ilmercoledi.news\/ilmercoledi\/news\/wp-json\/wp\/v2\/news-destination?post=51742"},{"taxonomy":"news-source","embeddable":true,"href":"https:\/\/www.ilmercoledi.news\/ilmercoledi\/news\/wp-json\/wp\/v2\/news-source?post=51742"},{"taxonomy":"is_homepage","embeddable":true,"href":"https:\/\/www.ilmercoledi.news\/ilmercoledi\/news\/wp-json\/wp\/v2\/is_homepage?post=51742"},{"taxonomy":"ta_other","embeddable":true,"href":"https:\/\/www.ilmercoledi.news\/ilmercoledi\/news\/wp-json\/wp\/v2\/ta_other?post=51742"}],"curies":[{"name":"wp","href":"https:\/\/api.w.org\/{rel}","templated":true}]}}