{"id":519,"date":"2017-12-21T06:40:31","date_gmt":"2017-12-21T05:40:31","guid":{"rendered":"http:\/\/euwps02.tecnavia.com\/ilmercoledi\/news\/?p=519"},"modified":"2018-01-17T17:14:40","modified_gmt":"2018-01-17T16:14:40","slug":"il-mercoledi-cresce","status":"publish","type":"post","link":"https:\/\/www.ilmercoledi.news\/2017\/12\/21\/il-mercoledi-cresce\/","title":{"rendered":"Il Mercoled\u00ec raddoppia"},"content":{"rendered":"<p><em>Il Mercoled\u00ec<\/em> raddoppia e crea un\u2019edizione web. Dopo decenni in cui si \u00e8 fortemente radicato nell\u2019area sud torinese con l\u2019edizione settimanale cartacea, \u00e8 venuto il tempo per vivere una nuova stagione, ampliando gli orizzonti sia temporali, che territoriali. Per <em>il Mercoled\u00ec<\/em> affrontare una nuova sfida significa guardare avanti, con gli strumenti e le soluzioni che la tecnologia mette a disposizione per essere pi\u00f9 tempestivi nel presentare i fatti, restando per\u00f2 ancorati ad una precisa ed importante area geografica, quella che ruota intorno a Torino, quella che fa da fondamentale cerniera con le province di Cuneo e di Asti. Questo territorio e il racconto tempestivo e preciso di ci\u00f2 che succede sono nel Dna de i<em>l Mercoled\u00ec<\/em>.<\/p>\n<p>Da anni si ragiona sull\u2019evoluzione dell\u2019informazione, perch\u00e9 non \u00e8 pi\u00f9 solo un campo riservato ai giornali, alle radio e alle televisioni, ma ci sono i computer e gli smartphone con internet e \u00a0di questi strumenti <em>il Mercoled\u00ec<\/em> ha deciso di servirsi per proseguire, anzi rendere pi\u00f9 efficace la propria mission.<\/p>\n<p>Le pagine e le notizie che si leggono qui non sono una trasposizione del settimanale che si trova in edicola, che ha una finestra su questo strumento per essere letto anche sul computer, sul tablet o sullo smartphone, ilmercoled\u00ec.news \u00e8 un altro giornale, che in tempo reale permette di conoscere ci\u00f2 che succede nell\u2019area torinese. La redazione garantisce un forte impegno che assolve con la consueta professionalit\u00e0.<\/p>\n<p>Non dico altro. Ad ognuno di voi il piacere di scoprire contenuti, immagini e bellezza grafica de ilmercoled\u00ec.news, convinto che sia uno strumento utile e di supporto per vivere e lavorare al meglio in questo territorio.<\/p>\n<p><strong>Mel Menzio<\/strong><\/p>\n<p><strong>Direttore Il Mercoled\u00ec<\/strong><\/p>\n","protected":false},"excerpt":{"rendered":"","protected":false},"author":5,"featured_media":249,"comment_status":"open","ping_status":"closed","sticky":false,"template":"","format":"standard","meta":[],"categories":[8],"tags":[47,46,48],"news-destination":[],"news-source":[],"is_homepage":[],"ta_other":[],"_links":{"self":[{"href":"https:\/\/www.ilmercoledi.news\/ilmercoledi\/news\/wp-json\/wp\/v2\/posts\/519"}],"collection":[{"href":"https:\/\/www.ilmercoledi.news\/ilmercoledi\/news\/wp-json\/wp\/v2\/posts"}],"about":[{"href":"https:\/\/www.ilmercoledi.news\/ilmercoledi\/news\/wp-json\/wp\/v2\/types\/post"}],"author":[{"embeddable":true,"href":"https:\/\/www.ilmercoledi.news\/ilmercoledi\/news\/wp-json\/wp\/v2\/users\/5"}],"replies":[{"embeddable":true,"href":"https:\/\/www.ilmercoledi.news\/ilmercoledi\/news\/wp-json\/wp\/v2\/comments?post=519"}],"version-history":[{"count":2,"href":"https:\/\/www.ilmercoledi.news\/ilmercoledi\/news\/wp-json\/wp\/v2\/posts\/519\/revisions"}],"predecessor-version":[{"id":521,"href":"https:\/\/www.ilmercoledi.news\/ilmercoledi\/news\/wp-json\/wp\/v2\/posts\/519\/revisions\/521"}],"wp:featuredmedia":[{"embeddable":true,"href":"https:\/\/www.ilmercoledi.news\/ilmercoledi\/news\/wp-json\/wp\/v2\/media\/249"}],"wp:attachment":[{"href":"https:\/\/www.ilmercoledi.news\/ilmercoledi\/news\/wp-json\/wp\/v2\/media?parent=519"}],"wp:term":[{"taxonomy":"category","embeddable":true,"href":"https:\/\/www.ilmercoledi.news\/ilmercoledi\/news\/wp-json\/wp\/v2\/categories?post=519"},{"taxonomy":"post_tag","embeddable":true,"href":"https:\/\/www.ilmercoledi.news\/ilmercoledi\/news\/wp-json\/wp\/v2\/tags?post=519"},{"taxonomy":"news-destination","embeddable":true,"href":"https:\/\/www.ilmercoledi.news\/ilmercoledi\/news\/wp-json\/wp\/v2\/news-destination?post=519"},{"taxonomy":"news-source","embeddable":true,"href":"https:\/\/www.ilmercoledi.news\/ilmercoledi\/news\/wp-json\/wp\/v2\/news-source?post=519"},{"taxonomy":"is_homepage","embeddable":true,"href":"https:\/\/www.ilmercoledi.news\/ilmercoledi\/news\/wp-json\/wp\/v2\/is_homepage?post=519"},{"taxonomy":"ta_other","embeddable":true,"href":"https:\/\/www.ilmercoledi.news\/ilmercoledi\/news\/wp-json\/wp\/v2\/ta_other?post=519"}],"curies":[{"name":"wp","href":"https:\/\/api.w.org\/{rel}","templated":true}]}}