{"id":51903,"date":"2023-02-27T14:52:09","date_gmt":"2023-02-27T13:52:09","guid":{"rendered":"https:\/\/www-ilmercoledi-news-*.sitenm.com\/?p=51903"},"modified":"2024-08-29T03:42:18","modified_gmt":"2023-11-03T03:42:18","slug":"smog-da-domani-tornano-solo-le-misure-strutturali-la-pioggia-ha-ripulito-laria","status":"publish","type":"post","link":"https:\/\/www.ilmercoledi.news\/2023\/02\/27\/smog-da-domani-tornano-solo-le-misure-strutturali-la-pioggia-ha-ripulito-laria\/","title":{"rendered":"SMOG &#8211; Da domani tornano solo le misure strutturali, la pioggia ha ripulito l&#8217;aria"},"content":{"rendered":"<p>La pioggia di queste ore ha ripulito l&#8217;aria dallo smog. Secondo i dati previsionali forniti oggi da Arpa Piemonte infatti, da domani, marted\u00ec 28 febbraio, e fino a mercoled\u00ec 1 marzo 2023 compreso (prossimo giorno di controllo), entrer\u00e0 in vigore il livello 0 (bianco) con le sole misure strutturali di limitazione del traffico previste del semaforo antismog.<\/p>\n<p>Si ricorda che eventuali variazioni del semaforo antismog, con le relative misure di limitazione del traffico, vengono comunicate il luned\u00ec, mercoled\u00ec e venerd\u00ec, giorni di controllo sui dati previsionali di PM10, ed entrano in vigore il giorno successivo.<\/p>\n","protected":false},"excerpt":{"rendered":"","protected":false},"author":11,"featured_media":45095,"comment_status":"open","ping_status":"closed","sticky":false,"template":"","format":"standard","meta":[],"categories":[34],"tags":[],"news-destination":[],"news-source":[],"is_homepage":[581],"ta_other":[],"_links":{"self":[{"href":"https:\/\/www.ilmercoledi.news\/ilmercoledi\/news\/wp-json\/wp\/v2\/posts\/51903"}],"collection":[{"href":"https:\/\/www.ilmercoledi.news\/ilmercoledi\/news\/wp-json\/wp\/v2\/posts"}],"about":[{"href":"https:\/\/www.ilmercoledi.news\/ilmercoledi\/news\/wp-json\/wp\/v2\/types\/post"}],"author":[{"embeddable":true,"href":"https:\/\/www.ilmercoledi.news\/ilmercoledi\/news\/wp-json\/wp\/v2\/users\/11"}],"replies":[{"embeddable":true,"href":"https:\/\/www.ilmercoledi.news\/ilmercoledi\/news\/wp-json\/wp\/v2\/comments?post=51903"}],"version-history":[{"count":1,"href":"https:\/\/www.ilmercoledi.news\/ilmercoledi\/news\/wp-json\/wp\/v2\/posts\/51903\/revisions"}],"predecessor-version":[{"id":67232,"href":"https:\/\/www.ilmercoledi.news\/ilmercoledi\/news\/wp-json\/wp\/v2\/posts\/51903\/revisions\/67232"}],"wp:featuredmedia":[{"embeddable":true,"href":"https:\/\/www.ilmercoledi.news\/ilmercoledi\/news\/wp-json\/wp\/v2\/media\/45095"}],"wp:attachment":[{"href":"https:\/\/www.ilmercoledi.news\/ilmercoledi\/news\/wp-json\/wp\/v2\/media?parent=51903"}],"wp:term":[{"taxonomy":"category","embeddable":true,"href":"https:\/\/www.ilmercoledi.news\/ilmercoledi\/news\/wp-json\/wp\/v2\/categories?post=51903"},{"taxonomy":"post_tag","embeddable":true,"href":"https:\/\/www.ilmercoledi.news\/ilmercoledi\/news\/wp-json\/wp\/v2\/tags?post=51903"},{"taxonomy":"news-destination","embeddable":true,"href":"https:\/\/www.ilmercoledi.news\/ilmercoledi\/news\/wp-json\/wp\/v2\/news-destination?post=51903"},{"taxonomy":"news-source","embeddable":true,"href":"https:\/\/www.ilmercoledi.news\/ilmercoledi\/news\/wp-json\/wp\/v2\/news-source?post=51903"},{"taxonomy":"is_homepage","embeddable":true,"href":"https:\/\/www.ilmercoledi.news\/ilmercoledi\/news\/wp-json\/wp\/v2\/is_homepage?post=51903"},{"taxonomy":"ta_other","embeddable":true,"href":"https:\/\/www.ilmercoledi.news\/ilmercoledi\/news\/wp-json\/wp\/v2\/ta_other?post=51903"}],"curies":[{"name":"wp","href":"https:\/\/api.w.org\/{rel}","templated":true}]}}