{"id":51956,"date":"2023-03-01T07:17:54","date_gmt":"2023-03-01T06:17:54","guid":{"rendered":"https:\/\/www-ilmercoledi-news-*.sitenm.com\/?p=51956"},"modified":"2024-08-29T03:42:18","modified_gmt":"2023-11-03T03:42:18","slug":"trasporti-da-piazza-bengasi-bici-sullautobus","status":"publish","type":"post","link":"https:\/\/www.ilmercoledi.news\/2023\/03\/01\/trasporti-da-piazza-bengasi-bici-sullautobus\/","title":{"rendered":"TRASPORTI &#8211; Da piazza Bengasi in bici&#8230;sull&#8217;autobus"},"content":{"rendered":"<p align=\"JUSTIFY\">A partire dal mese di marzo, GTT tester\u00e0 un <b>servizio sperimentale di trasporto bici sulla linea Extraurbana Torino-Alba<\/b> servita dai nuovi autobus Crossway di IVECO BUS. I nuovi 20 bus, presentati a fine gennaio e assegnati al deposito di Canale, sono attrezzati con una rastrelliera portabici posteriore per consentire il trasporto di biciclette da parte dei clienti.<\/p>\n<p align=\"JUSTIFY\">Ogni mezzo potr\u00e0 trasportare al massimo 6 bici per un servizio bike-friendly che punta a favorire l\u2019intermodalit\u00e0 bus\/bici con interessanti potenzialit\u00e0 di sviluppo. La sperimentazione sar\u00e0 gratuita per almeno sei mesi per tutti i clienti. In questa fase non \u00e8 necessaria la prenotazione.<\/p>\n<p><b>CARATTERISTICHE E UTILIZZO DEL SERVIZIO<\/b><\/p>\n<ol>\n<li>Le biciclette possono essere caricate alle fermate:<\/li>\n<\/ol>\n<ul>\n<li>Torino piazza Bengasi<\/li>\n<li>Pralormo (piazza)<\/li>\n<li>Capolinea ALBA<\/li>\n<\/ul>\n<ol start=\"2\">\n<li>Ogni bus pu\u00f2 trasportare al massimo 6 biciclette, in caso di rastrelliera completa, il cliente deve attendere il bus successivo.<\/li>\n<li>Il cliente deve collocare la bicicletta sulla rastrelliera posteriore del bus. L\u2019autista verificher\u00e0 il corretto posizionamento e attiver\u00e0 l\u2019antifurto. Giunti a destinazione, l\u2019autista sbloccher\u00e0 la rastrelliera e il cliente potr\u00e0 recuperare la propria bici.<\/li>\n<\/ol>\n<p align=\"JUSTIFY\">Gli investimenti per l\u2019acquisto dei mezzi sono parte di un progetto pi\u00f9 ampio di rinnovo della flotta dei veicoli extraurbani GTT che prevede, <b>entro la fine del 2023, un totale di 134 nuovi autobus:<\/b> complessivamente l\u2019et\u00e0 media del parco mezzi si attester\u00e0 sui 5 anni.<\/p>\n","protected":false},"excerpt":{"rendered":"","protected":false},"author":11,"featured_media":7663,"comment_status":"open","ping_status":"closed","sticky":false,"template":"","format":"standard","meta":[],"categories":[34],"tags":[],"news-destination":[],"news-source":[],"is_homepage":[581],"ta_other":[],"_links":{"self":[{"href":"https:\/\/www.ilmercoledi.news\/ilmercoledi\/news\/wp-json\/wp\/v2\/posts\/51956"}],"collection":[{"href":"https:\/\/www.ilmercoledi.news\/ilmercoledi\/news\/wp-json\/wp\/v2\/posts"}],"about":[{"href":"https:\/\/www.ilmercoledi.news\/ilmercoledi\/news\/wp-json\/wp\/v2\/types\/post"}],"author":[{"embeddable":true,"href":"https:\/\/www.ilmercoledi.news\/ilmercoledi\/news\/wp-json\/wp\/v2\/users\/11"}],"replies":[{"embeddable":true,"href":"https:\/\/www.ilmercoledi.news\/ilmercoledi\/news\/wp-json\/wp\/v2\/comments?post=51956"}],"version-history":[{"count":1,"href":"https:\/\/www.ilmercoledi.news\/ilmercoledi\/news\/wp-json\/wp\/v2\/posts\/51956\/revisions"}],"predecessor-version":[{"id":67233,"href":"https:\/\/www.ilmercoledi.news\/ilmercoledi\/news\/wp-json\/wp\/v2\/posts\/51956\/revisions\/67233"}],"wp:featuredmedia":[{"embeddable":true,"href":"https:\/\/www.ilmercoledi.news\/ilmercoledi\/news\/wp-json\/wp\/v2\/media\/7663"}],"wp:attachment":[{"href":"https:\/\/www.ilmercoledi.news\/ilmercoledi\/news\/wp-json\/wp\/v2\/media?parent=51956"}],"wp:term":[{"taxonomy":"category","embeddable":true,"href":"https:\/\/www.ilmercoledi.news\/ilmercoledi\/news\/wp-json\/wp\/v2\/categories?post=51956"},{"taxonomy":"post_tag","embeddable":true,"href":"https:\/\/www.ilmercoledi.news\/ilmercoledi\/news\/wp-json\/wp\/v2\/tags?post=51956"},{"taxonomy":"news-destination","embeddable":true,"href":"https:\/\/www.ilmercoledi.news\/ilmercoledi\/news\/wp-json\/wp\/v2\/news-destination?post=51956"},{"taxonomy":"news-source","embeddable":true,"href":"https:\/\/www.ilmercoledi.news\/ilmercoledi\/news\/wp-json\/wp\/v2\/news-source?post=51956"},{"taxonomy":"is_homepage","embeddable":true,"href":"https:\/\/www.ilmercoledi.news\/ilmercoledi\/news\/wp-json\/wp\/v2\/is_homepage?post=51956"},{"taxonomy":"ta_other","embeddable":true,"href":"https:\/\/www.ilmercoledi.news\/ilmercoledi\/news\/wp-json\/wp\/v2\/ta_other?post=51956"}],"curies":[{"name":"wp","href":"https:\/\/api.w.org\/{rel}","templated":true}]}}