{"id":52031,"date":"2023-03-06T15:00:23","date_gmt":"2023-03-06T14:00:23","guid":{"rendered":"https:\/\/www-ilmercoledi-news-*.sitenm.com\/?p=52031"},"modified":"2024-08-29T03:42:18","modified_gmt":"2023-11-03T03:42:18","slug":"scuola-gli-istituti-superiori-incontrano-citta-metropolitana-per-liniziativa-dimmi-la-tua","status":"publish","type":"post","link":"https:\/\/www.ilmercoledi.news\/2023\/03\/06\/scuola-gli-istituti-superiori-incontrano-citta-metropolitana-per-liniziativa-dimmi-la-tua\/","title":{"rendered":"SCUOLA- Gli istituti superiori incontrano Citt\u00e0 Metropolitana per l&#8217;iniziativa &#8216;Dimmi la tua&#8217;"},"content":{"rendered":"<p>Trasporto pubblico, ambiente e mobilit\u00e0 sostenibile, ma anche inclusione sociale, educazione civica al centro di &#8220;Dimmi la tua&#8221; un incontro che la Citt\u00e0 metropolitana di Torino ha organizzato attraverso il suo centro Europe direct Torino con oltre centoventi studenti delle scuole superiori in preparazione del #CitiesForum2023 in programma a Torino il 16 e 17 marzo prossimi.<\/p>\n<p>Gli studenti delle classi 4^ dei Licei Berti, Passoni e Vittoria di Torino, dell&#8217;Istituto 8 Marzo di Settimo Torinese e dell&#8217;Istituto Vittone di Chieri hanno lavorato per preparare video e domande sui temi a loro pi\u00f9 vicini, da trasmettere ai partecipanti al Cities Forum di Torino: oggi ad ascoltarli e rispondere alle loro domande sono intervenuti il sindaco metropolitano Stefano Lo Russo, il vicesindaco metropolitano Jacopo Suppo e la consigliera metropolitana Sonia Cambursano.<\/p>\n<p>Una bella mattina di educazione europea: &#8220;siate sempre stimolo e protagonisti della vita pubblica&#8221; ha detto loro Stefano Lo Russo, che ha puntualmente risposto a tante domande dei ragazzi e delle ragazze.<\/p>\n<p>Si \u00e8 parlato di parchi e giardini urbani e della necessit\u00e0 di essere rispettosi del verde pubblico, ma anche delle preoccupazioni sul futuro delle auto a benzina e diesel, cos\u00ec come dell&#8217;inquinamento ambientale.<\/p>\n<p>Il sindaco ha assicurato agli studenti e ai loro docenti che condivider\u00e0 le loro preoccupazioni al prossimo Cities Forum.<\/p>\n<p><strong>Cos&#8217;\u00e8 Cities Forum<\/strong><\/p>\n<p>La 5 ^ edizione si terr\u00e0 a Torino dal 16 al 17, riunisce le grandi realt\u00e0 urbane europee impegnate per un futuro equo e green: \u00e8 un evento biennale della DG Politica regionale ed urbana della Commissione Europea. Torino \u00e8 stata scelta come esempio di trasformazione urbana https:\/\/www.citiesforum2023.eu\/<\/p>\n<p>&nbsp;<\/p>\n<p>&nbsp;<\/p>\n","protected":false},"excerpt":{"rendered":"","protected":false},"author":11,"featured_media":10400,"comment_status":"open","ping_status":"closed","sticky":false,"template":"","format":"standard","meta":[],"categories":[34],"tags":[],"news-destination":[],"news-source":[],"is_homepage":[581],"ta_other":[],"_links":{"self":[{"href":"https:\/\/www.ilmercoledi.news\/ilmercoledi\/news\/wp-json\/wp\/v2\/posts\/52031"}],"collection":[{"href":"https:\/\/www.ilmercoledi.news\/ilmercoledi\/news\/wp-json\/wp\/v2\/posts"}],"about":[{"href":"https:\/\/www.ilmercoledi.news\/ilmercoledi\/news\/wp-json\/wp\/v2\/types\/post"}],"author":[{"embeddable":true,"href":"https:\/\/www.ilmercoledi.news\/ilmercoledi\/news\/wp-json\/wp\/v2\/users\/11"}],"replies":[{"embeddable":true,"href":"https:\/\/www.ilmercoledi.news\/ilmercoledi\/news\/wp-json\/wp\/v2\/comments?post=52031"}],"version-history":[{"count":1,"href":"https:\/\/www.ilmercoledi.news\/ilmercoledi\/news\/wp-json\/wp\/v2\/posts\/52031\/revisions"}],"predecessor-version":[{"id":67274,"href":"https:\/\/www.ilmercoledi.news\/ilmercoledi\/news\/wp-json\/wp\/v2\/posts\/52031\/revisions\/67274"}],"wp:featuredmedia":[{"embeddable":true,"href":"https:\/\/www.ilmercoledi.news\/ilmercoledi\/news\/wp-json\/wp\/v2\/media\/10400"}],"wp:attachment":[{"href":"https:\/\/www.ilmercoledi.news\/ilmercoledi\/news\/wp-json\/wp\/v2\/media?parent=52031"}],"wp:term":[{"taxonomy":"category","embeddable":true,"href":"https:\/\/www.ilmercoledi.news\/ilmercoledi\/news\/wp-json\/wp\/v2\/categories?post=52031"},{"taxonomy":"post_tag","embeddable":true,"href":"https:\/\/www.ilmercoledi.news\/ilmercoledi\/news\/wp-json\/wp\/v2\/tags?post=52031"},{"taxonomy":"news-destination","embeddable":true,"href":"https:\/\/www.ilmercoledi.news\/ilmercoledi\/news\/wp-json\/wp\/v2\/news-destination?post=52031"},{"taxonomy":"news-source","embeddable":true,"href":"https:\/\/www.ilmercoledi.news\/ilmercoledi\/news\/wp-json\/wp\/v2\/news-source?post=52031"},{"taxonomy":"is_homepage","embeddable":true,"href":"https:\/\/www.ilmercoledi.news\/ilmercoledi\/news\/wp-json\/wp\/v2\/is_homepage?post=52031"},{"taxonomy":"ta_other","embeddable":true,"href":"https:\/\/www.ilmercoledi.news\/ilmercoledi\/news\/wp-json\/wp\/v2\/ta_other?post=52031"}],"curies":[{"name":"wp","href":"https:\/\/api.w.org\/{rel}","templated":true}]}}