{"id":52047,"date":"2023-03-07T07:19:07","date_gmt":"2023-03-07T06:19:07","guid":{"rendered":"https:\/\/www-ilmercoledi-news-*.sitenm.com\/?p=52047"},"modified":"2024-08-29T03:42:18","modified_gmt":"2023-11-03T03:42:18","slug":"moncalieri-biblioteca-si-parla-del-parco-delle-vallere","status":"publish","type":"post","link":"https:\/\/www.ilmercoledi.news\/2023\/03\/07\/moncalieri-biblioteca-si-parla-del-parco-delle-vallere\/","title":{"rendered":"MONCALIERI &#8211; In biblioteca si parla del Parco delle Vallere"},"content":{"rendered":"<p>Riprende il ciclo di incontri rivolto alla popolazione voluto dal Comune di Moncalieri per verificare la percezione del verde urbano, a partire dal progetto \u201cMon Vert Moncalieri Citt\u00e0 del Verde\u201d, selezionato dalla Compagnia di San Paolo nell\u2019ambito del Bando Next Generation We.<\/p>\n<p>Il prossimo appuntamento avr\u00e0 come tema il Parco Le Vallere e si svolger\u00e0 marted\u00ec 14 marzo dalle 16 alle 18 presso la sala conferenze della Biblioteca\u00a0civica\u00a0Arduino,\u00a0in via Cavour 31.\u00a0Ingresso libero e diretta facebook sulla pagina della biblioteca @bibliomonc.<\/p>\n<p>&nbsp;<\/p>\n<p><b>Interverranno:<\/b>\u00a0<b>Laura Pompeo<\/b>, Assessore alla Cultura della Citt\u00e0 di Moncalieri,\u00a0<b>Angelo Ferrero<\/b>\u00a0Assessore ai Lavori pubblici, Infrastrutture, Manutenzione della Citt\u00e0, Verde Pubblico, l\u2019Architetto\u00a0<b>Marco Maccagno<\/b>\u00a0incaricato della stesura del progetto definitivo del Parco del Castello e\u00a0<b>Otto Bugnano<\/b>, Direttore generale di Fondazione Matrice.<\/p>\n<p>L\u2019attivit\u00e0 di animazione, condotta da Sarah Marder di Fondazione Matrice, ha lo scopo di innescare un processo di condivisione e di confronto per recepire il grado di conoscenza e di fruizione del parco dal singolo partecipante e come parte integrante del sistema del verde locale.<\/p>\n<p>Ad aprire la giornata di lavoro un intervento dell\u2019Arch. Marco Maccagno in rappresentanza dello studio di progettazione incaricato della stesura del progetto definitivo del Parco del Castello: \u201c<i>A fine gennaio, \u00e8 stato appaltato il primo lotto per la riqualificazione del parco del castello reale di Moncalieri. I lavori<\/i>\u00a0\u2013 aggiorna\u00a0<b>l\u2019architetto Marco Maccagno<\/b>\u00a0&#8211;\u00a0<i>riguarderanno la sistemazione del verde lungo la fascia perimetrale del parco e le prime azioni di pulizia e di manutenzione delle alberature. Tali interventi consentiranno inoltre un pi\u00f9 agevole accesso alle aree, necessario all&#8217;approfondimento progettuale in via di<\/i>\u00a0<i>definizione e che riguarder\u00e0 l&#8217;intera area del parco, nonch\u00e9 il recupero dei fabbricati e dei manufatti storici<\/i>\u201d.<\/p>\n<p>&nbsp;<\/p>\n<p>Le vicende storiche, il patrimonio architettonico, gli aspetti naturalistici e la prossimit\u00e0 con Torino fanno da sempre di Moncalieri uno dei luoghi pi\u00f9 belli dei dintorni.<\/p>\n<p>Il Castello Reale di Moncalieri e il Castello del Valentino di Torino, inoltre, con altre \u201cResidenze Sabaude\u201d piemontesi, dal 1997 sono inseriti nella Lista del Patrimonio Mondiale dell\u2019Umanit\u00e0 UNESCO. Insomma, Moncalieri e Torino si guardano, unite dal fiume e dal Parco Le Vallere, che condividono. Eppure, se sul versante torinese il Parco risulta in certi periodi addirittura affollato, dalla cascina Le Vallere, il percorso godibilissimo per raggiungere il ponte dei Cavalieri Templari di Moncalieri, e da l\u00ec il Lungo Po Abellonio, deve ancora potenziare gli sforzi per farsi conoscere e per aumentare la frequentazione.<\/p>\n<p>Quali sono le motivazioni? Quale percezione ha la popolazione del Parco? Come \u00e8 possibile valorizzarlo? Che ruolo affidargli nel pi\u00f9 ampio sistema del verde di Moncalieri? Queste le principali domande che saranno oggetto di confronto durante il lavoro partecipato.<\/p>\n<p>\u201c<i>L\u2019obiettivo di costruire un sistema dell\u2019infrastruttura del verde della citt\u00e0 di Moncalieri richiede un attento processo di ascolto e di coinvolgimento della comunit\u00e0 locale. Si tratta di un processo che deve attivare nuovi cambi percettivi e di paradigma nel rapporto tra l\u2019uomo e l\u2019ambiente che lo circonda<\/i>\u201d &#8211; afferma\u00a0<b>l\u2019Assessore Pompeo<\/b>, che aggiunge \u201cL<i>e Vallere rappresentano una componente fondamentale del sistema verde cittadino e l\u2019appuntamento dovr\u00e0 far emergere tutte le nuove potenzialit\u00e0.\u201d<\/i><\/p>\n","protected":false},"excerpt":{"rendered":"","protected":false},"author":11,"featured_media":4456,"comment_status":"open","ping_status":"closed","sticky":false,"template":"","format":"standard","meta":[],"categories":[34],"tags":[],"news-destination":[],"news-source":[],"is_homepage":[581],"ta_other":[],"_links":{"self":[{"href":"https:\/\/www.ilmercoledi.news\/ilmercoledi\/news\/wp-json\/wp\/v2\/posts\/52047"}],"collection":[{"href":"https:\/\/www.ilmercoledi.news\/ilmercoledi\/news\/wp-json\/wp\/v2\/posts"}],"about":[{"href":"https:\/\/www.ilmercoledi.news\/ilmercoledi\/news\/wp-json\/wp\/v2\/types\/post"}],"author":[{"embeddable":true,"href":"https:\/\/www.ilmercoledi.news\/ilmercoledi\/news\/wp-json\/wp\/v2\/users\/11"}],"replies":[{"embeddable":true,"href":"https:\/\/www.ilmercoledi.news\/ilmercoledi\/news\/wp-json\/wp\/v2\/comments?post=52047"}],"version-history":[{"count":1,"href":"https:\/\/www.ilmercoledi.news\/ilmercoledi\/news\/wp-json\/wp\/v2\/posts\/52047\/revisions"}],"predecessor-version":[{"id":67299,"href":"https:\/\/www.ilmercoledi.news\/ilmercoledi\/news\/wp-json\/wp\/v2\/posts\/52047\/revisions\/67299"}],"wp:featuredmedia":[{"embeddable":true,"href":"https:\/\/www.ilmercoledi.news\/ilmercoledi\/news\/wp-json\/wp\/v2\/media\/4456"}],"wp:attachment":[{"href":"https:\/\/www.ilmercoledi.news\/ilmercoledi\/news\/wp-json\/wp\/v2\/media?parent=52047"}],"wp:term":[{"taxonomy":"category","embeddable":true,"href":"https:\/\/www.ilmercoledi.news\/ilmercoledi\/news\/wp-json\/wp\/v2\/categories?post=52047"},{"taxonomy":"post_tag","embeddable":true,"href":"https:\/\/www.ilmercoledi.news\/ilmercoledi\/news\/wp-json\/wp\/v2\/tags?post=52047"},{"taxonomy":"news-destination","embeddable":true,"href":"https:\/\/www.ilmercoledi.news\/ilmercoledi\/news\/wp-json\/wp\/v2\/news-destination?post=52047"},{"taxonomy":"news-source","embeddable":true,"href":"https:\/\/www.ilmercoledi.news\/ilmercoledi\/news\/wp-json\/wp\/v2\/news-source?post=52047"},{"taxonomy":"is_homepage","embeddable":true,"href":"https:\/\/www.ilmercoledi.news\/ilmercoledi\/news\/wp-json\/wp\/v2\/is_homepage?post=52047"},{"taxonomy":"ta_other","embeddable":true,"href":"https:\/\/www.ilmercoledi.news\/ilmercoledi\/news\/wp-json\/wp\/v2\/ta_other?post=52047"}],"curies":[{"name":"wp","href":"https:\/\/api.w.org\/{rel}","templated":true}]}}