{"id":52163,"date":"2023-03-14T06:35:04","date_gmt":"2023-03-14T05:35:04","guid":{"rendered":"https:\/\/www-ilmercoledi-news-*.sitenm.com\/?p=52163"},"modified":"2024-08-29T03:42:17","modified_gmt":"2023-11-03T03:42:17","slug":"lavoro-poste-cerca-consulenti-finanziari-per-la-provincia-di-torino","status":"publish","type":"post","link":"https:\/\/www.ilmercoledi.news\/2023\/03\/14\/lavoro-poste-cerca-consulenti-finanziari-per-la-provincia-di-torino\/","title":{"rendered":"LAVORO &#8211; Poste cerca consulenti finanziari per la provincia di Torino"},"content":{"rendered":"<p align=\"JUSTIFY\">Poste Italiane ricerca in provincia di Torino laureati motivati ad intraprendere un percorso di formazione e crescita professionale come consulenti finanziari. \u00c8 possibile inviare la propria candidatura entro il 26 marzo tramite la pagina web https:\/\/www.posteitaliane.it\/it\/lavora-con-noi.html. A diffondere la notizia \u00e8 stata Poste, con una nota ufficiale. Il candidato ideale, laureato e con ottime capacit\u00e0 di comunicazione e di relazione, dovr\u00e0 avere un\u2019ottima conoscenza del pacchetto Office e avr\u00e0 l\u2019opportunit\u00e0 di essere coinvolto in percorsi di formazione e sviluppo professionale.<\/p>\n<p align=\"JUSTIFY\">\n<p align=\"JUSTIFY\">\n","protected":false},"excerpt":{"rendered":"","protected":false},"author":11,"featured_media":11451,"comment_status":"open","ping_status":"closed","sticky":false,"template":"","format":"standard","meta":[],"categories":[34],"tags":[],"news-destination":[],"news-source":[],"is_homepage":[581],"ta_other":[],"_links":{"self":[{"href":"https:\/\/www.ilmercoledi.news\/ilmercoledi\/news\/wp-json\/wp\/v2\/posts\/52163"}],"collection":[{"href":"https:\/\/www.ilmercoledi.news\/ilmercoledi\/news\/wp-json\/wp\/v2\/posts"}],"about":[{"href":"https:\/\/www.ilmercoledi.news\/ilmercoledi\/news\/wp-json\/wp\/v2\/types\/post"}],"author":[{"embeddable":true,"href":"https:\/\/www.ilmercoledi.news\/ilmercoledi\/news\/wp-json\/wp\/v2\/users\/11"}],"replies":[{"embeddable":true,"href":"https:\/\/www.ilmercoledi.news\/ilmercoledi\/news\/wp-json\/wp\/v2\/comments?post=52163"}],"version-history":[{"count":1,"href":"https:\/\/www.ilmercoledi.news\/ilmercoledi\/news\/wp-json\/wp\/v2\/posts\/52163\/revisions"}],"predecessor-version":[{"id":67188,"href":"https:\/\/www.ilmercoledi.news\/ilmercoledi\/news\/wp-json\/wp\/v2\/posts\/52163\/revisions\/67188"}],"wp:featuredmedia":[{"embeddable":true,"href":"https:\/\/www.ilmercoledi.news\/ilmercoledi\/news\/wp-json\/wp\/v2\/media\/11451"}],"wp:attachment":[{"href":"https:\/\/www.ilmercoledi.news\/ilmercoledi\/news\/wp-json\/wp\/v2\/media?parent=52163"}],"wp:term":[{"taxonomy":"category","embeddable":true,"href":"https:\/\/www.ilmercoledi.news\/ilmercoledi\/news\/wp-json\/wp\/v2\/categories?post=52163"},{"taxonomy":"post_tag","embeddable":true,"href":"https:\/\/www.ilmercoledi.news\/ilmercoledi\/news\/wp-json\/wp\/v2\/tags?post=52163"},{"taxonomy":"news-destination","embeddable":true,"href":"https:\/\/www.ilmercoledi.news\/ilmercoledi\/news\/wp-json\/wp\/v2\/news-destination?post=52163"},{"taxonomy":"news-source","embeddable":true,"href":"https:\/\/www.ilmercoledi.news\/ilmercoledi\/news\/wp-json\/wp\/v2\/news-source?post=52163"},{"taxonomy":"is_homepage","embeddable":true,"href":"https:\/\/www.ilmercoledi.news\/ilmercoledi\/news\/wp-json\/wp\/v2\/is_homepage?post=52163"},{"taxonomy":"ta_other","embeddable":true,"href":"https:\/\/www.ilmercoledi.news\/ilmercoledi\/news\/wp-json\/wp\/v2\/ta_other?post=52163"}],"curies":[{"name":"wp","href":"https:\/\/api.w.org\/{rel}","templated":true}]}}