{"id":52174,"date":"2023-03-14T06:53:23","date_gmt":"2023-03-14T05:53:23","guid":{"rendered":"https:\/\/www-ilmercoledi-news-*.sitenm.com\/?p=52174"},"modified":"2024-08-29T03:42:17","modified_gmt":"2023-11-03T03:42:17","slug":"nichelino-sportello-lavoro-piazza-aldo-moro","status":"publish","type":"post","link":"https:\/\/www.ilmercoledi.news\/2023\/03\/14\/nichelino-sportello-lavoro-piazza-aldo-moro\/","title":{"rendered":"NICHELINO &#8211; Sportello lavoro in piazza Aldo Moro"},"content":{"rendered":"<p>In piazza Aldo Moro 50, a Nichelino partono incontri dedicati a giovani e adulti in cerca di lavoro o di percorsi formativi. Saranno incontri individuali della durata di 1 ora, il sabato mattina, a partire dal 18 marzo e fino a fine luglio.<\/p>\n<p>Per informazioni e prenotazioni 340 3077136<\/p>\n<p>&#8220;L&#8217;obiettivo del progetto \u00e8 mettere in risalto capacit\u00e0, competenze e attitudini, lavorare sulla promozione di s\u00e9 e accompagnare i partecipanti nelle scelte formative e professionali e nella ricerca del lavoro &#8211; raccontano il Sindaco \ud835\ude42\ud835\ude5e\ud835\ude56\ud835\ude62\ud835\ude65\ud835\ude5e\ud835\ude5a\ud835\ude67\ud835\ude64 \ud835\ude4f\ud835\ude64\ud835\ude61\ud835\ude56\ud835\ude67\ud835\ude59\ud835\ude64, l&#8217;Assessora alle Politiche Sociali \ud835\ude4b\ud835\ude56\ud835\ude64\ud835\ude61\ud835\ude56 \ud835\ude4d\ud835\ude56\ud835\ude68\ud835\ude5a\ud835\ude69\ud835\ude69\ud835\ude64 e l&#8217;Assessore al Lavoro Fiodor Verzola -. Grazie a questi incontri, i candidati otterranno informazioni utili alla scelta del giusto percorso professionale e aumenteranno la possibilit\u00e0 di trovare un lavoro&#8221;.<\/p>\n<p>&nbsp;<\/p>\n<p>&nbsp;<\/p>\n","protected":false},"excerpt":{"rendered":"","protected":false},"author":11,"featured_media":39608,"comment_status":"open","ping_status":"closed","sticky":false,"template":"","format":"standard","meta":[],"categories":[34],"tags":[],"news-destination":[],"news-source":[],"is_homepage":[581],"ta_other":[],"_links":{"self":[{"href":"https:\/\/www.ilmercoledi.news\/ilmercoledi\/news\/wp-json\/wp\/v2\/posts\/52174"}],"collection":[{"href":"https:\/\/www.ilmercoledi.news\/ilmercoledi\/news\/wp-json\/wp\/v2\/posts"}],"about":[{"href":"https:\/\/www.ilmercoledi.news\/ilmercoledi\/news\/wp-json\/wp\/v2\/types\/post"}],"author":[{"embeddable":true,"href":"https:\/\/www.ilmercoledi.news\/ilmercoledi\/news\/wp-json\/wp\/v2\/users\/11"}],"replies":[{"embeddable":true,"href":"https:\/\/www.ilmercoledi.news\/ilmercoledi\/news\/wp-json\/wp\/v2\/comments?post=52174"}],"version-history":[{"count":1,"href":"https:\/\/www.ilmercoledi.news\/ilmercoledi\/news\/wp-json\/wp\/v2\/posts\/52174\/revisions"}],"predecessor-version":[{"id":67193,"href":"https:\/\/www.ilmercoledi.news\/ilmercoledi\/news\/wp-json\/wp\/v2\/posts\/52174\/revisions\/67193"}],"wp:featuredmedia":[{"embeddable":true,"href":"https:\/\/www.ilmercoledi.news\/ilmercoledi\/news\/wp-json\/wp\/v2\/media\/39608"}],"wp:attachment":[{"href":"https:\/\/www.ilmercoledi.news\/ilmercoledi\/news\/wp-json\/wp\/v2\/media?parent=52174"}],"wp:term":[{"taxonomy":"category","embeddable":true,"href":"https:\/\/www.ilmercoledi.news\/ilmercoledi\/news\/wp-json\/wp\/v2\/categories?post=52174"},{"taxonomy":"post_tag","embeddable":true,"href":"https:\/\/www.ilmercoledi.news\/ilmercoledi\/news\/wp-json\/wp\/v2\/tags?post=52174"},{"taxonomy":"news-destination","embeddable":true,"href":"https:\/\/www.ilmercoledi.news\/ilmercoledi\/news\/wp-json\/wp\/v2\/news-destination?post=52174"},{"taxonomy":"news-source","embeddable":true,"href":"https:\/\/www.ilmercoledi.news\/ilmercoledi\/news\/wp-json\/wp\/v2\/news-source?post=52174"},{"taxonomy":"is_homepage","embeddable":true,"href":"https:\/\/www.ilmercoledi.news\/ilmercoledi\/news\/wp-json\/wp\/v2\/is_homepage?post=52174"},{"taxonomy":"ta_other","embeddable":true,"href":"https:\/\/www.ilmercoledi.news\/ilmercoledi\/news\/wp-json\/wp\/v2\/ta_other?post=52174"}],"curies":[{"name":"wp","href":"https:\/\/api.w.org\/{rel}","templated":true}]}}