{"id":52185,"date":"2023-03-14T14:45:16","date_gmt":"2023-03-14T13:45:16","guid":{"rendered":"https:\/\/www-ilmercoledi-news-*.sitenm.com\/?p=52185"},"modified":"2024-08-29T03:42:17","modified_gmt":"2023-11-03T03:42:17","slug":"stupinigi-via-alla-cabina-di-regia-per-realizzare-gli-interventi-di-riqualificazione","status":"publish","type":"post","link":"https:\/\/www.ilmercoledi.news\/2023\/03\/14\/stupinigi-via-alla-cabina-di-regia-per-realizzare-gli-interventi-di-riqualificazione\/","title":{"rendered":"STUPINIGI &#8211; Via alla cabina di regia per realizzare gli interventi di riqualificazione"},"content":{"rendered":"<p>Ieri alla Palazzina di Caccia di Stupinigi si \u00e8 riunita la cabina di regia tecnico politica del Distretto Reale di Stupinigi in presenza dei tecnici e del Presidente della Regione Piemonte. La proposta avanzata dal Protocollo dei Sindaci e FOM \u00e8 stata accettata dalla Regione: verr\u00e0 realizzata la struttura di missione \u201cStupinigi 2029\u201d, un organismo specifico che si occuper\u00e0 dell\u2019attuazione e del coordinamento di tutte le progettualit\u00e0 del Distretto. L&#8217;organismo porter\u00e0 avanti i progetti gi\u00e0 messi nero su bianco lungo le rotte di caccia e la riqualificazione dei giardini e cascine storiche.<\/p>\n<p>&nbsp;<\/p>\n<p>&nbsp;<\/p>\n","protected":false},"excerpt":{"rendered":"","protected":false},"author":11,"featured_media":52184,"comment_status":"open","ping_status":"closed","sticky":false,"template":"","format":"standard","meta":[],"categories":[34],"tags":[],"news-destination":[],"news-source":[],"is_homepage":[581],"ta_other":[],"_links":{"self":[{"href":"https:\/\/www.ilmercoledi.news\/ilmercoledi\/news\/wp-json\/wp\/v2\/posts\/52185"}],"collection":[{"href":"https:\/\/www.ilmercoledi.news\/ilmercoledi\/news\/wp-json\/wp\/v2\/posts"}],"about":[{"href":"https:\/\/www.ilmercoledi.news\/ilmercoledi\/news\/wp-json\/wp\/v2\/types\/post"}],"author":[{"embeddable":true,"href":"https:\/\/www.ilmercoledi.news\/ilmercoledi\/news\/wp-json\/wp\/v2\/users\/11"}],"replies":[{"embeddable":true,"href":"https:\/\/www.ilmercoledi.news\/ilmercoledi\/news\/wp-json\/wp\/v2\/comments?post=52185"}],"version-history":[{"count":1,"href":"https:\/\/www.ilmercoledi.news\/ilmercoledi\/news\/wp-json\/wp\/v2\/posts\/52185\/revisions"}],"predecessor-version":[{"id":67200,"href":"https:\/\/www.ilmercoledi.news\/ilmercoledi\/news\/wp-json\/wp\/v2\/posts\/52185\/revisions\/67200"}],"wp:featuredmedia":[{"embeddable":true,"href":"https:\/\/www.ilmercoledi.news\/ilmercoledi\/news\/wp-json\/wp\/v2\/media\/52184"}],"wp:attachment":[{"href":"https:\/\/www.ilmercoledi.news\/ilmercoledi\/news\/wp-json\/wp\/v2\/media?parent=52185"}],"wp:term":[{"taxonomy":"category","embeddable":true,"href":"https:\/\/www.ilmercoledi.news\/ilmercoledi\/news\/wp-json\/wp\/v2\/categories?post=52185"},{"taxonomy":"post_tag","embeddable":true,"href":"https:\/\/www.ilmercoledi.news\/ilmercoledi\/news\/wp-json\/wp\/v2\/tags?post=52185"},{"taxonomy":"news-destination","embeddable":true,"href":"https:\/\/www.ilmercoledi.news\/ilmercoledi\/news\/wp-json\/wp\/v2\/news-destination?post=52185"},{"taxonomy":"news-source","embeddable":true,"href":"https:\/\/www.ilmercoledi.news\/ilmercoledi\/news\/wp-json\/wp\/v2\/news-source?post=52185"},{"taxonomy":"is_homepage","embeddable":true,"href":"https:\/\/www.ilmercoledi.news\/ilmercoledi\/news\/wp-json\/wp\/v2\/is_homepage?post=52185"},{"taxonomy":"ta_other","embeddable":true,"href":"https:\/\/www.ilmercoledi.news\/ilmercoledi\/news\/wp-json\/wp\/v2\/ta_other?post=52185"}],"curies":[{"name":"wp","href":"https:\/\/api.w.org\/{rel}","templated":true}]}}