{"id":52271,"date":"2023-03-20T07:19:13","date_gmt":"2023-03-20T06:19:13","guid":{"rendered":"https:\/\/www-ilmercoledi-news-*.sitenm.com\/?p=52271"},"modified":"2024-08-29T03:42:16","modified_gmt":"2023-11-03T03:42:16","slug":"covid-incidenza-contagi-piemonte-impennata-nella-fascia-3-5-anni","status":"publish","type":"post","link":"https:\/\/www.ilmercoledi.news\/2023\/03\/20\/covid-incidenza-contagi-piemonte-impennata-nella-fascia-3-5-anni\/","title":{"rendered":"COVID &#8211; Incidenza contagi: in Piemonte impennata nella fascia 3-5 anni"},"content":{"rendered":"<p lang=\"zxx\">Nella settimana dal\u00a0<strong>10\u00a0<\/strong>al\u00a0<strong>16\u00a0<\/strong><strong>marzo<\/strong>\u00a0l\u2019incidenza regionale (ovvero l\u2019incremento settimanale di nuovi casi di Covid per 100.000 abitanti) \u00e8 stata\u00a0<strong>2<\/strong><strong>7.5<\/strong><strong>\u00a0<\/strong>con andamento in calo (-<strong>7,4<\/strong>%) rispetto ai<strong>\u00a0<\/strong><strong>2<\/strong><strong>9.7<\/strong>\u00a0dei sette giorni precedenti.<\/p>\n<p lang=\"zxx\">Nella fascia di et\u00e0 19-24 anni l\u2019incidenza \u00e8 12.2 (-19,2%). Nella fascia 25-44 anni \u00e8 25.8 (-2,6%). Tra i 45 ed i 59 anni si attesta a 30.8 (-3,8%). Nella fascia 60-69 anni \u00e8 32.3 (+0,9%). Tra i 70-79 anni \u00e8 35.3 (-7,1%). Nella fascia over80 l\u2019incidenza risulta 45.9 (-24,6%).<\/p>\n<p lang=\"zxx\"><strong>Incidenza del contagio in et\u00e0 scolastica<\/strong><\/p>\n<p lang=\"zxx\">In et\u00e0 scolastica, nel periodo dal<strong>\u00a0<\/strong><strong>10<\/strong><strong>\u00a0<\/strong>al\u00a0<strong>16<\/strong><strong>\u00a0<\/strong><strong>marzo<\/strong>, l\u2019incidenza rispetto ai sette giorni \u00e8 in calo nelle fasce di et\u00e0 11-13 e 14-18 anni.<\/p>\n<p lang=\"zxx\">Nel dettaglio: nella fascia di et\u00e0 0-2 anni l\u2019incidenza \u00e8\u00a0<strong>36.4<\/strong>\u00a0(+<strong>42,9<\/strong><strong>%<\/strong>), nella fascia 3-5 anni \u00e8\u00a0<strong>4.3<\/strong>\u00a0(<strong>+103,7<\/strong>%), nella fascia tra i 6 ed 10 anni \u00e8\u00a0<strong>6.2<\/strong><strong>\u00a0<\/strong>(<strong>+38,4<\/strong>%), nella fascia 11-13 anni \u00e8\u00a0<strong>5.2\u00a0<\/strong>(<strong>&#8211;<\/strong><strong>33,3<\/strong><strong>%)<\/strong>, nella fascia tra i 14 ed i 18 anni l\u2019incidenza \u00e8\u00a0<strong>8.3<\/strong>\u00a0(<strong>&#8211;<\/strong><strong>40,7<\/strong>%).<\/p>\n","protected":false},"excerpt":{"rendered":"","protected":false},"author":11,"featured_media":28591,"comment_status":"open","ping_status":"closed","sticky":false,"template":"","format":"standard","meta":[],"categories":[34],"tags":[],"news-destination":[],"news-source":[],"is_homepage":[581],"ta_other":[],"_links":{"self":[{"href":"https:\/\/www.ilmercoledi.news\/ilmercoledi\/news\/wp-json\/wp\/v2\/posts\/52271"}],"collection":[{"href":"https:\/\/www.ilmercoledi.news\/ilmercoledi\/news\/wp-json\/wp\/v2\/posts"}],"about":[{"href":"https:\/\/www.ilmercoledi.news\/ilmercoledi\/news\/wp-json\/wp\/v2\/types\/post"}],"author":[{"embeddable":true,"href":"https:\/\/www.ilmercoledi.news\/ilmercoledi\/news\/wp-json\/wp\/v2\/users\/11"}],"replies":[{"embeddable":true,"href":"https:\/\/www.ilmercoledi.news\/ilmercoledi\/news\/wp-json\/wp\/v2\/comments?post=52271"}],"version-history":[{"count":1,"href":"https:\/\/www.ilmercoledi.news\/ilmercoledi\/news\/wp-json\/wp\/v2\/posts\/52271\/revisions"}],"predecessor-version":[{"id":67010,"href":"https:\/\/www.ilmercoledi.news\/ilmercoledi\/news\/wp-json\/wp\/v2\/posts\/52271\/revisions\/67010"}],"wp:featuredmedia":[{"embeddable":true,"href":"https:\/\/www.ilmercoledi.news\/ilmercoledi\/news\/wp-json\/wp\/v2\/media\/28591"}],"wp:attachment":[{"href":"https:\/\/www.ilmercoledi.news\/ilmercoledi\/news\/wp-json\/wp\/v2\/media?parent=52271"}],"wp:term":[{"taxonomy":"category","embeddable":true,"href":"https:\/\/www.ilmercoledi.news\/ilmercoledi\/news\/wp-json\/wp\/v2\/categories?post=52271"},{"taxonomy":"post_tag","embeddable":true,"href":"https:\/\/www.ilmercoledi.news\/ilmercoledi\/news\/wp-json\/wp\/v2\/tags?post=52271"},{"taxonomy":"news-destination","embeddable":true,"href":"https:\/\/www.ilmercoledi.news\/ilmercoledi\/news\/wp-json\/wp\/v2\/news-destination?post=52271"},{"taxonomy":"news-source","embeddable":true,"href":"https:\/\/www.ilmercoledi.news\/ilmercoledi\/news\/wp-json\/wp\/v2\/news-source?post=52271"},{"taxonomy":"is_homepage","embeddable":true,"href":"https:\/\/www.ilmercoledi.news\/ilmercoledi\/news\/wp-json\/wp\/v2\/is_homepage?post=52271"},{"taxonomy":"ta_other","embeddable":true,"href":"https:\/\/www.ilmercoledi.news\/ilmercoledi\/news\/wp-json\/wp\/v2\/ta_other?post=52271"}],"curies":[{"name":"wp","href":"https:\/\/api.w.org\/{rel}","templated":true}]}}