{"id":52286,"date":"2023-03-20T13:42:31","date_gmt":"2023-03-20T12:42:31","guid":{"rendered":"https:\/\/www-ilmercoledi-news-*.sitenm.com\/?p=52286"},"modified":"2024-08-29T03:42:16","modified_gmt":"2023-11-03T03:42:16","slug":"trofarello-inaugurazione-giardino-dedicato-falcone-e-borsellino","status":"publish","type":"post","link":"https:\/\/www.ilmercoledi.news\/2023\/03\/20\/trofarello-inaugurazione-giardino-dedicato-falcone-e-borsellino\/","title":{"rendered":"TROFARELLO &#8211; Inaugurazione giardino dedicato a Falcone e Borsellino"},"content":{"rendered":"<p>In occasione del 21 Marzo Giornata della Memoria e dell&#8217;impegno in ricordo delle vittime innocenti delle mafie e del terrorismo, a Trofarello si inaugurer\u00e0 il giardino dedicato alla memoria dei giudici Giovanni Falcone e Paolo Borsellino. L&#8217;appuntamento \u00e8 alle 11.00 presso Via Fausto Coppi Angolo via Romita<\/p>\n<p>&#8220;Con questo gesto, spiegano dall&#8217;Amministrazione Comunale &#8211; si intente onorare la memoria di questi Servitori dello Stato, ricordare che il loro sacrificio non sar\u00e0 mai dimenticato. Questo spirito ci ha fatto chiedere alle scuole di esserci perch\u00e9 sono i nostri ragazzi il futuro a cui dobbiamo raccontare questa pagine del nostro Paese. Speriamo che questo nuovo giardino sia vissuto dai trofarellesi e rispettato. Potevamo scegliere una strada da intitolare alla loro memoria, ma il giardino \u00e8 stato scelto perch\u00e9 sar\u00e0 un luogo di incontro&#8221;.<\/p>\n","protected":false},"excerpt":{"rendered":"","protected":false},"author":11,"featured_media":52285,"comment_status":"open","ping_status":"closed","sticky":false,"template":"","format":"standard","meta":[],"categories":[34],"tags":[],"news-destination":[],"news-source":[],"is_homepage":[581],"ta_other":[],"_links":{"self":[{"href":"https:\/\/www.ilmercoledi.news\/ilmercoledi\/news\/wp-json\/wp\/v2\/posts\/52286"}],"collection":[{"href":"https:\/\/www.ilmercoledi.news\/ilmercoledi\/news\/wp-json\/wp\/v2\/posts"}],"about":[{"href":"https:\/\/www.ilmercoledi.news\/ilmercoledi\/news\/wp-json\/wp\/v2\/types\/post"}],"author":[{"embeddable":true,"href":"https:\/\/www.ilmercoledi.news\/ilmercoledi\/news\/wp-json\/wp\/v2\/users\/11"}],"replies":[{"embeddable":true,"href":"https:\/\/www.ilmercoledi.news\/ilmercoledi\/news\/wp-json\/wp\/v2\/comments?post=52286"}],"version-history":[{"count":1,"href":"https:\/\/www.ilmercoledi.news\/ilmercoledi\/news\/wp-json\/wp\/v2\/posts\/52286\/revisions"}],"predecessor-version":[{"id":67017,"href":"https:\/\/www.ilmercoledi.news\/ilmercoledi\/news\/wp-json\/wp\/v2\/posts\/52286\/revisions\/67017"}],"wp:featuredmedia":[{"embeddable":true,"href":"https:\/\/www.ilmercoledi.news\/ilmercoledi\/news\/wp-json\/wp\/v2\/media\/52285"}],"wp:attachment":[{"href":"https:\/\/www.ilmercoledi.news\/ilmercoledi\/news\/wp-json\/wp\/v2\/media?parent=52286"}],"wp:term":[{"taxonomy":"category","embeddable":true,"href":"https:\/\/www.ilmercoledi.news\/ilmercoledi\/news\/wp-json\/wp\/v2\/categories?post=52286"},{"taxonomy":"post_tag","embeddable":true,"href":"https:\/\/www.ilmercoledi.news\/ilmercoledi\/news\/wp-json\/wp\/v2\/tags?post=52286"},{"taxonomy":"news-destination","embeddable":true,"href":"https:\/\/www.ilmercoledi.news\/ilmercoledi\/news\/wp-json\/wp\/v2\/news-destination?post=52286"},{"taxonomy":"news-source","embeddable":true,"href":"https:\/\/www.ilmercoledi.news\/ilmercoledi\/news\/wp-json\/wp\/v2\/news-source?post=52286"},{"taxonomy":"is_homepage","embeddable":true,"href":"https:\/\/www.ilmercoledi.news\/ilmercoledi\/news\/wp-json\/wp\/v2\/is_homepage?post=52286"},{"taxonomy":"ta_other","embeddable":true,"href":"https:\/\/www.ilmercoledi.news\/ilmercoledi\/news\/wp-json\/wp\/v2\/ta_other?post=52286"}],"curies":[{"name":"wp","href":"https:\/\/api.w.org\/{rel}","templated":true}]}}