{"id":52325,"date":"2023-03-22T07:04:02","date_gmt":"2023-03-22T06:04:02","guid":{"rendered":"https:\/\/www-ilmercoledi-news-*.sitenm.com\/?p=52325"},"modified":"2024-08-29T03:42:16","modified_gmt":"2023-11-03T03:42:16","slug":"cambiano-il-26-marzo-appuntamento-con-la-giornata-ecologica","status":"publish","type":"post","link":"https:\/\/www.ilmercoledi.news\/2023\/03\/22\/cambiano-il-26-marzo-appuntamento-con-la-giornata-ecologica\/","title":{"rendered":"CAMBIANO &#8211; Il 26 marzo appuntamento con la giornata ecologica"},"content":{"rendered":"<p>il 26 marzo a Cambiano si organizza la giornata ecologica per pulire la cittadina, aperta a tutti coloro che vogliono dare un contributo positivo alla comunit\u00e0. &#8220;Non \u00e8 solo una questione di bellezza &#8211; aggiungono da palazzo civico -, \u00e8 importante che tutti noi siamo consapevoli che la tutela dell&#8217;ambiente e dell&#8217;ecosostenibilit\u00e0 \u00e8 importantissima, ogni azione che compiamo oggi, influir\u00e0 sul futuro delle prossime generazioni. inoltre durante la giornata, presenteremo il progetto &#8220;Sfide per la giovent\u00f9 2.0&#8243; un calderone di eventi ed attivit\u00e0 pensate per coinvolgere i giovani nella tutela dell&#8217;ambiente&#8221;.\u00a0 Appuntamento in area pro loco alle ore 8 per prepararsi alla giornata.<\/p>\n<p>&nbsp;<\/p>\n<p>&nbsp;<\/p>\n","protected":false},"excerpt":{"rendered":"","protected":false},"author":11,"featured_media":34132,"comment_status":"open","ping_status":"closed","sticky":false,"template":"","format":"standard","meta":[],"categories":[34],"tags":[],"news-destination":[],"news-source":[],"is_homepage":[],"ta_other":[],"_links":{"self":[{"href":"https:\/\/www.ilmercoledi.news\/ilmercoledi\/news\/wp-json\/wp\/v2\/posts\/52325"}],"collection":[{"href":"https:\/\/www.ilmercoledi.news\/ilmercoledi\/news\/wp-json\/wp\/v2\/posts"}],"about":[{"href":"https:\/\/www.ilmercoledi.news\/ilmercoledi\/news\/wp-json\/wp\/v2\/types\/post"}],"author":[{"embeddable":true,"href":"https:\/\/www.ilmercoledi.news\/ilmercoledi\/news\/wp-json\/wp\/v2\/users\/11"}],"replies":[{"embeddable":true,"href":"https:\/\/www.ilmercoledi.news\/ilmercoledi\/news\/wp-json\/wp\/v2\/comments?post=52325"}],"version-history":[{"count":1,"href":"https:\/\/www.ilmercoledi.news\/ilmercoledi\/news\/wp-json\/wp\/v2\/posts\/52325\/revisions"}],"predecessor-version":[{"id":67043,"href":"https:\/\/www.ilmercoledi.news\/ilmercoledi\/news\/wp-json\/wp\/v2\/posts\/52325\/revisions\/67043"}],"wp:featuredmedia":[{"embeddable":true,"href":"https:\/\/www.ilmercoledi.news\/ilmercoledi\/news\/wp-json\/wp\/v2\/media\/34132"}],"wp:attachment":[{"href":"https:\/\/www.ilmercoledi.news\/ilmercoledi\/news\/wp-json\/wp\/v2\/media?parent=52325"}],"wp:term":[{"taxonomy":"category","embeddable":true,"href":"https:\/\/www.ilmercoledi.news\/ilmercoledi\/news\/wp-json\/wp\/v2\/categories?post=52325"},{"taxonomy":"post_tag","embeddable":true,"href":"https:\/\/www.ilmercoledi.news\/ilmercoledi\/news\/wp-json\/wp\/v2\/tags?post=52325"},{"taxonomy":"news-destination","embeddable":true,"href":"https:\/\/www.ilmercoledi.news\/ilmercoledi\/news\/wp-json\/wp\/v2\/news-destination?post=52325"},{"taxonomy":"news-source","embeddable":true,"href":"https:\/\/www.ilmercoledi.news\/ilmercoledi\/news\/wp-json\/wp\/v2\/news-source?post=52325"},{"taxonomy":"is_homepage","embeddable":true,"href":"https:\/\/www.ilmercoledi.news\/ilmercoledi\/news\/wp-json\/wp\/v2\/is_homepage?post=52325"},{"taxonomy":"ta_other","embeddable":true,"href":"https:\/\/www.ilmercoledi.news\/ilmercoledi\/news\/wp-json\/wp\/v2\/ta_other?post=52325"}],"curies":[{"name":"wp","href":"https:\/\/api.w.org\/{rel}","templated":true}]}}