{"id":52360,"date":"2023-03-23T14:36:34","date_gmt":"2023-03-23T13:36:34","guid":{"rendered":"https:\/\/www-ilmercoledi-news-*.sitenm.com\/?p=52360"},"modified":"2024-08-29T03:42:16","modified_gmt":"2023-11-03T03:42:16","slug":"moncalieri-riprendono-le-gite-nel-centro-storico-della-citta","status":"publish","type":"post","link":"https:\/\/www.ilmercoledi.news\/2023\/03\/23\/moncalieri-riprendono-le-gite-nel-centro-storico-della-citta\/","title":{"rendered":"MONCALIERI &#8211; Riprendono le &#8216;gite&#8217; nel centro storico della citt\u00e0"},"content":{"rendered":"<p>Domenica 26 marzo, riprendono gli accompagnamenti alla visita nel centro storico di Moncalieri, a cura dei Volontari dei Beni Culturali dell\u2019Associazione \u201cProgetto Cultura e Turismo Carignano OdV\u201d. La passeggiata nella piazza Vittorio Emanuele II (l\u2019antica \u201cPiazza Maggiore\u201d) da secoli vitale per la vita politica e economica dell\u2019importante cittadina alle porte di Torino, consentir\u00e0 di ammirare le facciate dei grandiosi palazzi nobiliari che si affacciano sullo spiazzo parzialmente reso pedonale dopo un intervento urbanistico del 2005. La Fontana del Saturnio, settecentesca, vigila i palazzi Duch, Provana, Vassallo di Dogliani, Messier di Grana, Solaro: in pratica le famiglie che contavano in Moncalieri dal Medioevo in poi. Sar\u00e0 altres\u00ec aperta la Chiesa Santa Croce per ammirare gli affreschi illusionistici di Nicol\u00f2 Dallamano, il bel coro di Giuseppe Riva e le grandi tele di Michele Antonio Milocco: scrigno di arte e memorie che da secoli \u00e8 custodita con affetto dalla Confraternita di Santa Croce e del Gonfalone. Il Punto Informativo sar\u00e0 allestito in Piazza Vittorio Emanuele, proprio sotto la Collegiata Santa Maria della Scala, e gli accompagnamenti alla visita partiranno alle 14,30 per concludersi alle 18 (ultima partenza del tour, ore 17,30); la chiesa Santa Croce sar\u00e0 aperta dalle h 15 alle ore 18 (partenza ultimo tour h 17,30). Offerta libera. Per maggiori informazioni, \u00e8 possibile telefonare ai nn. 3381452945 o 3485479607.<\/p>\n","protected":false},"excerpt":{"rendered":"","protected":false},"author":11,"featured_media":1334,"comment_status":"open","ping_status":"closed","sticky":false,"template":"","format":"standard","meta":[],"categories":[34],"tags":[],"news-destination":[],"news-source":[],"is_homepage":[581],"ta_other":[],"_links":{"self":[{"href":"https:\/\/www.ilmercoledi.news\/ilmercoledi\/news\/wp-json\/wp\/v2\/posts\/52360"}],"collection":[{"href":"https:\/\/www.ilmercoledi.news\/ilmercoledi\/news\/wp-json\/wp\/v2\/posts"}],"about":[{"href":"https:\/\/www.ilmercoledi.news\/ilmercoledi\/news\/wp-json\/wp\/v2\/types\/post"}],"author":[{"embeddable":true,"href":"https:\/\/www.ilmercoledi.news\/ilmercoledi\/news\/wp-json\/wp\/v2\/users\/11"}],"replies":[{"embeddable":true,"href":"https:\/\/www.ilmercoledi.news\/ilmercoledi\/news\/wp-json\/wp\/v2\/comments?post=52360"}],"version-history":[{"count":1,"href":"https:\/\/www.ilmercoledi.news\/ilmercoledi\/news\/wp-json\/wp\/v2\/posts\/52360\/revisions"}],"predecessor-version":[{"id":67077,"href":"https:\/\/www.ilmercoledi.news\/ilmercoledi\/news\/wp-json\/wp\/v2\/posts\/52360\/revisions\/67077"}],"wp:featuredmedia":[{"embeddable":true,"href":"https:\/\/www.ilmercoledi.news\/ilmercoledi\/news\/wp-json\/wp\/v2\/media\/1334"}],"wp:attachment":[{"href":"https:\/\/www.ilmercoledi.news\/ilmercoledi\/news\/wp-json\/wp\/v2\/media?parent=52360"}],"wp:term":[{"taxonomy":"category","embeddable":true,"href":"https:\/\/www.ilmercoledi.news\/ilmercoledi\/news\/wp-json\/wp\/v2\/categories?post=52360"},{"taxonomy":"post_tag","embeddable":true,"href":"https:\/\/www.ilmercoledi.news\/ilmercoledi\/news\/wp-json\/wp\/v2\/tags?post=52360"},{"taxonomy":"news-destination","embeddable":true,"href":"https:\/\/www.ilmercoledi.news\/ilmercoledi\/news\/wp-json\/wp\/v2\/news-destination?post=52360"},{"taxonomy":"news-source","embeddable":true,"href":"https:\/\/www.ilmercoledi.news\/ilmercoledi\/news\/wp-json\/wp\/v2\/news-source?post=52360"},{"taxonomy":"is_homepage","embeddable":true,"href":"https:\/\/www.ilmercoledi.news\/ilmercoledi\/news\/wp-json\/wp\/v2\/is_homepage?post=52360"},{"taxonomy":"ta_other","embeddable":true,"href":"https:\/\/www.ilmercoledi.news\/ilmercoledi\/news\/wp-json\/wp\/v2\/ta_other?post=52360"}],"curies":[{"name":"wp","href":"https:\/\/api.w.org\/{rel}","templated":true}]}}