{"id":52391,"date":"2023-03-27T07:23:54","date_gmt":"2023-03-27T05:23:54","guid":{"rendered":"https:\/\/www-ilmercoledi-news-*.sitenm.com\/?p=52391"},"modified":"2024-08-29T03:42:16","modified_gmt":"2023-11-03T03:42:16","slug":"covid-incidenza-contagi-impennata-nella-fascia-14-18-anni","status":"publish","type":"post","link":"https:\/\/www.ilmercoledi.news\/2023\/03\/27\/covid-incidenza-contagi-impennata-nella-fascia-14-18-anni\/","title":{"rendered":"COVID &#8211; Incidenza contagi: impennata nella fascia 14\/18 anni"},"content":{"rendered":"<p lang=\"zxx\">Nella settimana dal\u00a017\u00a0al\u00a023\u00a0marzo\u00a0l\u2019incidenza regionale (ovvero l\u2019incremento settimanale di nuovi casi di Covid per 100.000 abitanti) \u00e8 stata\u00a028.7\u00a0con andamento in aumento (+2,6%) rispetto ai\u00a028.0\u00a0dei sette giorni precedenti.<\/p>\n<p lang=\"zxx\">Nella fascia di et\u00e0 19-24 anni l\u2019incidenza \u00e8 18 (+47,5%). Nella fascia 25-44 anni \u00e8 23.8 (-7%). Tra i 45 ed i 59 anni si attesta a 30.8 (-0,6%). Nella fascia 60-69 anni \u00e8 30.4 (-7%). Tra i 70-79 anni \u00e8 40.3 (+12,3%). Nella fascia over80 l\u2019incidenza risulta 57.6 (+16,1%).<\/p>\n<p lang=\"zxx\">Incidenza del contagio in et\u00e0 scolastica<\/p>\n<p lang=\"zxx\">In et\u00e0 scolastica, nel periodo dal\u00a017\u00a0al\u00a023\u00a0marzo, l\u2019incidenza rispetto ai sette giorni \u00e8 in calo nelle fascia di et\u00e0 6-10 anni.\u00a0Non si sono registrati casi nella fascia di et\u00e0 3-5 anni.<\/p>\n<p lang=\"zxx\">Nel dettaglio: nella fascia di et\u00e0 0-2 anni l\u2019incidenza \u00e8\u00a025.5\u00a0(-30%), nella fascia tra i 6 ed 10 anni \u00e8\u00a03.4\u00a0(-45,2%), nella fascia 11-13 anni \u00e8\u00a08.6(+65,4%), nella fascia tra i 14 ed i 18 anni l\u2019incidenza \u00e8\u00a014.5\u00a0(+74,7%).<\/p>\n","protected":false},"excerpt":{"rendered":"","protected":false},"author":11,"featured_media":29903,"comment_status":"open","ping_status":"closed","sticky":false,"template":"","format":"standard","meta":[],"categories":[34],"tags":[],"news-destination":[],"news-source":[],"is_homepage":[581],"ta_other":[],"_links":{"self":[{"href":"https:\/\/www.ilmercoledi.news\/ilmercoledi\/news\/wp-json\/wp\/v2\/posts\/52391"}],"collection":[{"href":"https:\/\/www.ilmercoledi.news\/ilmercoledi\/news\/wp-json\/wp\/v2\/posts"}],"about":[{"href":"https:\/\/www.ilmercoledi.news\/ilmercoledi\/news\/wp-json\/wp\/v2\/types\/post"}],"author":[{"embeddable":true,"href":"https:\/\/www.ilmercoledi.news\/ilmercoledi\/news\/wp-json\/wp\/v2\/users\/11"}],"replies":[{"embeddable":true,"href":"https:\/\/www.ilmercoledi.news\/ilmercoledi\/news\/wp-json\/wp\/v2\/comments?post=52391"}],"version-history":[{"count":1,"href":"https:\/\/www.ilmercoledi.news\/ilmercoledi\/news\/wp-json\/wp\/v2\/posts\/52391\/revisions"}],"predecessor-version":[{"id":67085,"href":"https:\/\/www.ilmercoledi.news\/ilmercoledi\/news\/wp-json\/wp\/v2\/posts\/52391\/revisions\/67085"}],"wp:featuredmedia":[{"embeddable":true,"href":"https:\/\/www.ilmercoledi.news\/ilmercoledi\/news\/wp-json\/wp\/v2\/media\/29903"}],"wp:attachment":[{"href":"https:\/\/www.ilmercoledi.news\/ilmercoledi\/news\/wp-json\/wp\/v2\/media?parent=52391"}],"wp:term":[{"taxonomy":"category","embeddable":true,"href":"https:\/\/www.ilmercoledi.news\/ilmercoledi\/news\/wp-json\/wp\/v2\/categories?post=52391"},{"taxonomy":"post_tag","embeddable":true,"href":"https:\/\/www.ilmercoledi.news\/ilmercoledi\/news\/wp-json\/wp\/v2\/tags?post=52391"},{"taxonomy":"news-destination","embeddable":true,"href":"https:\/\/www.ilmercoledi.news\/ilmercoledi\/news\/wp-json\/wp\/v2\/news-destination?post=52391"},{"taxonomy":"news-source","embeddable":true,"href":"https:\/\/www.ilmercoledi.news\/ilmercoledi\/news\/wp-json\/wp\/v2\/news-source?post=52391"},{"taxonomy":"is_homepage","embeddable":true,"href":"https:\/\/www.ilmercoledi.news\/ilmercoledi\/news\/wp-json\/wp\/v2\/is_homepage?post=52391"},{"taxonomy":"ta_other","embeddable":true,"href":"https:\/\/www.ilmercoledi.news\/ilmercoledi\/news\/wp-json\/wp\/v2\/ta_other?post=52391"}],"curies":[{"name":"wp","href":"https:\/\/api.w.org\/{rel}","templated":true}]}}