{"id":52427,"date":"2023-03-28T14:26:48","date_gmt":"2023-03-28T12:26:48","guid":{"rendered":"https:\/\/www-ilmercoledi-news-*.sitenm.com\/?p=52427"},"modified":"2024-08-29T03:42:16","modified_gmt":"2023-11-03T03:42:16","slug":"nichelino-chiude-la-casa-dei-diritti-il-bene-confiscato-tornera-al-suo-proprietario-originario-perche-assolto-dallaccusa-di-associazione-mafiosa","status":"publish","type":"post","link":"https:\/\/www.ilmercoledi.news\/2023\/03\/28\/nichelino-chiude-la-casa-dei-diritti-il-bene-confiscato-tornera-al-suo-proprietario-originario-perche-assolto-dallaccusa-di-associazione-mafiosa\/","title":{"rendered":"NICHELINO &#8211; Chiude la &#8216;Casa dei diritti&#8217;, il bene confiscato torner\u00e0 al suo proprietario originario perch\u00e9 assolto dall&#8217;accusa di associazione mafiosa"},"content":{"rendered":"<p>Nichelino saluta la &#8220;Casa dei Diritti&#8221;, il locale confiscato anni fa dopo l&#8217;indagine Minotauro perch\u00e9 ritenuto collegato ad un esponente della criminalit\u00e0 organizzata. A seguito dell&#8217;assoluzione dei due co-imputati, il proprietario del bene ha chiesto la revisione del suo procedimento che ha portato alla sentenza della restituzione del bene. A dirlo, ieri sera durante quella che \u00e8 stata l&#8217;ultima serata organizzata dal Comune, il sindaco Giampiero Tolardo: &#8220;Un evento, a dire il vero raro, che potrebbe per\u00f2 scoraggiare gli enti locali e le associazioni dal prendere in carico i beni confiscati, rischiando cos\u00ec di far cessare i servizi pubblici e le attivit\u00e0 delle associazioni che, come a Nichelino, non hanno pi\u00f9 un luogo in cui operare. Per questo, intendiamo richiedere almeno il rimborso degli investimenti effettuati per la manutenzione del bene, al fine di poter reinvestire questi fondi in altre associazioni che ad oggi sono dentro la Casa dei Diritti e che, da domani, non lo saranno pi\u00f9&#8221;.<\/p>\n<p>&nbsp;<\/p>\n<p>&nbsp;<\/p>\n","protected":false},"excerpt":{"rendered":"","protected":false},"author":11,"featured_media":46245,"comment_status":"open","ping_status":"closed","sticky":false,"template":"","format":"standard","meta":[],"categories":[34],"tags":[],"news-destination":[],"news-source":[],"is_homepage":[581],"ta_other":[],"_links":{"self":[{"href":"https:\/\/www.ilmercoledi.news\/ilmercoledi\/news\/wp-json\/wp\/v2\/posts\/52427"}],"collection":[{"href":"https:\/\/www.ilmercoledi.news\/ilmercoledi\/news\/wp-json\/wp\/v2\/posts"}],"about":[{"href":"https:\/\/www.ilmercoledi.news\/ilmercoledi\/news\/wp-json\/wp\/v2\/types\/post"}],"author":[{"embeddable":true,"href":"https:\/\/www.ilmercoledi.news\/ilmercoledi\/news\/wp-json\/wp\/v2\/users\/11"}],"replies":[{"embeddable":true,"href":"https:\/\/www.ilmercoledi.news\/ilmercoledi\/news\/wp-json\/wp\/v2\/comments?post=52427"}],"version-history":[{"count":1,"href":"https:\/\/www.ilmercoledi.news\/ilmercoledi\/news\/wp-json\/wp\/v2\/posts\/52427\/revisions"}],"predecessor-version":[{"id":67109,"href":"https:\/\/www.ilmercoledi.news\/ilmercoledi\/news\/wp-json\/wp\/v2\/posts\/52427\/revisions\/67109"}],"wp:featuredmedia":[{"embeddable":true,"href":"https:\/\/www.ilmercoledi.news\/ilmercoledi\/news\/wp-json\/wp\/v2\/media\/46245"}],"wp:attachment":[{"href":"https:\/\/www.ilmercoledi.news\/ilmercoledi\/news\/wp-json\/wp\/v2\/media?parent=52427"}],"wp:term":[{"taxonomy":"category","embeddable":true,"href":"https:\/\/www.ilmercoledi.news\/ilmercoledi\/news\/wp-json\/wp\/v2\/categories?post=52427"},{"taxonomy":"post_tag","embeddable":true,"href":"https:\/\/www.ilmercoledi.news\/ilmercoledi\/news\/wp-json\/wp\/v2\/tags?post=52427"},{"taxonomy":"news-destination","embeddable":true,"href":"https:\/\/www.ilmercoledi.news\/ilmercoledi\/news\/wp-json\/wp\/v2\/news-destination?post=52427"},{"taxonomy":"news-source","embeddable":true,"href":"https:\/\/www.ilmercoledi.news\/ilmercoledi\/news\/wp-json\/wp\/v2\/news-source?post=52427"},{"taxonomy":"is_homepage","embeddable":true,"href":"https:\/\/www.ilmercoledi.news\/ilmercoledi\/news\/wp-json\/wp\/v2\/is_homepage?post=52427"},{"taxonomy":"ta_other","embeddable":true,"href":"https:\/\/www.ilmercoledi.news\/ilmercoledi\/news\/wp-json\/wp\/v2\/ta_other?post=52427"}],"curies":[{"name":"wp","href":"https:\/\/api.w.org\/{rel}","templated":true}]}}