{"id":52438,"date":"2023-03-29T07:00:48","date_gmt":"2023-03-29T05:00:48","guid":{"rendered":"https:\/\/www-ilmercoledi-news-*.sitenm.com\/?p=52438"},"modified":"2024-08-29T03:42:16","modified_gmt":"2023-11-03T03:42:16","slug":"pecetto-la-festa-della-terra-alla-ludocascina-la-ciliegia-e-il-gioanin","status":"publish","type":"post","link":"https:\/\/www.ilmercoledi.news\/2023\/03\/29\/pecetto-la-festa-della-terra-alla-ludocascina-la-ciliegia-e-il-gioanin\/","title":{"rendered":"PECETTO &#8211; La &#8216;Festa della terra&#8217; alla ludocascina &#8216;La Ciliegia e il Gi\u00f4anin&#8217;"},"content":{"rendered":"<p>La\u00a0ludocascina \u201cLa Ciliegia e il Gi\u00f4anin\u201d\u00a0di via San Martino a Pecetto Torinese invita le famiglie alla\u00a0\u201cFesta della Terra\u201d.\u00a0Alle 15,30\u00a0il padrone di casa\u00a0\u201cGioanin Ceresa\u201d, raccontando una\u00a0storia animata a tappe, accompagna i partecipanti nel ceraseto. Nel corso della passeggiata si possono scoprire\u00a0curiosit\u00e0 campagnole\u00a0e i\u00a0rudimenti del lavoro del frutticultore.\u00a0I partecipanti, bambini e adulti, possono cimentarsi in un\u00a0laboratorio di manualit\u00e0, che permette di portarsi a casa un piccolo ricordo.\u00a0 Il pomeriggio si conclude con una merenda a Km 0. La visita guidata con laboratorio e merenda alla\u00a0Ludocascina\u00a0\u00e8 indicata\u00a0per famiglie con bambini dai 3 ai 10\u00a0anni. Il costo dell\u2019attivit\u00e0 \u00e8 di 8 euro per i bambini e 5 euro per gli adulti. \u00c8 previsto un pacchetto famiglia al prezzo di 20 euro per quattro componenti.\u00a0La\u00a0prenotazione\u00a0\u00e8 obbligatoria\u00a0entro venerd\u00ec 31 marzo\u00a0con un messaggio Whatsapp al numero\u00a0349-4935450. Il laboratorio prevede un massimo di 40 partecipanti e viene annullato in caso di pioggia. Per ulteriori informazioni si pu\u00f2 consultare il sito Internet\u00a0www.laciliegiaeilgioanin.it<\/p>\n","protected":false},"excerpt":{"rendered":"","protected":false},"author":11,"featured_media":42557,"comment_status":"open","ping_status":"closed","sticky":false,"template":"","format":"standard","meta":[],"categories":[34],"tags":[],"news-destination":[],"news-source":[],"is_homepage":[581],"ta_other":[],"_links":{"self":[{"href":"https:\/\/www.ilmercoledi.news\/ilmercoledi\/news\/wp-json\/wp\/v2\/posts\/52438"}],"collection":[{"href":"https:\/\/www.ilmercoledi.news\/ilmercoledi\/news\/wp-json\/wp\/v2\/posts"}],"about":[{"href":"https:\/\/www.ilmercoledi.news\/ilmercoledi\/news\/wp-json\/wp\/v2\/types\/post"}],"author":[{"embeddable":true,"href":"https:\/\/www.ilmercoledi.news\/ilmercoledi\/news\/wp-json\/wp\/v2\/users\/11"}],"replies":[{"embeddable":true,"href":"https:\/\/www.ilmercoledi.news\/ilmercoledi\/news\/wp-json\/wp\/v2\/comments?post=52438"}],"version-history":[{"count":1,"href":"https:\/\/www.ilmercoledi.news\/ilmercoledi\/news\/wp-json\/wp\/v2\/posts\/52438\/revisions"}],"predecessor-version":[{"id":67117,"href":"https:\/\/www.ilmercoledi.news\/ilmercoledi\/news\/wp-json\/wp\/v2\/posts\/52438\/revisions\/67117"}],"wp:featuredmedia":[{"embeddable":true,"href":"https:\/\/www.ilmercoledi.news\/ilmercoledi\/news\/wp-json\/wp\/v2\/media\/42557"}],"wp:attachment":[{"href":"https:\/\/www.ilmercoledi.news\/ilmercoledi\/news\/wp-json\/wp\/v2\/media?parent=52438"}],"wp:term":[{"taxonomy":"category","embeddable":true,"href":"https:\/\/www.ilmercoledi.news\/ilmercoledi\/news\/wp-json\/wp\/v2\/categories?post=52438"},{"taxonomy":"post_tag","embeddable":true,"href":"https:\/\/www.ilmercoledi.news\/ilmercoledi\/news\/wp-json\/wp\/v2\/tags?post=52438"},{"taxonomy":"news-destination","embeddable":true,"href":"https:\/\/www.ilmercoledi.news\/ilmercoledi\/news\/wp-json\/wp\/v2\/news-destination?post=52438"},{"taxonomy":"news-source","embeddable":true,"href":"https:\/\/www.ilmercoledi.news\/ilmercoledi\/news\/wp-json\/wp\/v2\/news-source?post=52438"},{"taxonomy":"is_homepage","embeddable":true,"href":"https:\/\/www.ilmercoledi.news\/ilmercoledi\/news\/wp-json\/wp\/v2\/is_homepage?post=52438"},{"taxonomy":"ta_other","embeddable":true,"href":"https:\/\/www.ilmercoledi.news\/ilmercoledi\/news\/wp-json\/wp\/v2\/ta_other?post=52438"}],"curies":[{"name":"wp","href":"https:\/\/api.w.org\/{rel}","templated":true}]}}