{"id":52498,"date":"2023-04-03T07:14:24","date_gmt":"2023-04-03T05:14:24","guid":{"rendered":"https:\/\/www-ilmercoledi-news-*.sitenm.com\/?p=52498"},"modified":"2024-08-29T03:42:15","modified_gmt":"2023-11-03T03:42:15","slug":"moncalieri-spettacolo-alla-limone-sul-25-aprile-e-la-memoria","status":"publish","type":"post","link":"https:\/\/www.ilmercoledi.news\/2023\/04\/03\/moncalieri-spettacolo-alla-limone-sul-25-aprile-e-la-memoria\/","title":{"rendered":"MONCALIERI &#8211; Spettacolo alla Limone sul 25 aprile e la Memoria"},"content":{"rendered":"<p>Le storie di Resistenza e antifascismo tornano ad essere argomento di studio e passione nelle scuole di Moncalieri: &#8220;Aspettando il 25 aprile: la memoria batte nel cuore del futuro&#8221; riparte, anche nel 2023, con alcune novit\u00e0. Il progetto sar\u00e0 lanciato con uno spettacolo teatrale alle Fonderie Limone che si terr\u00e0 il giorno marted\u00ec 11 aprile alle ore 21. Lo spettacolo, intitolato &#8220;La scelta&#8221; raccoglie quattro storie dalla guerra scoppiata nel 1992 in Bosnia ed Erzegovina, recuperate dalla Dottoressa Svetlana Broz e affidate alla voce di Marco Cortesi e Mara Moschini: storie vere di uomini e donne che hanno avuto la forza di rompere la catena dell\u2019odio e della vendetta, vedendo oltre il loro egoismo e rischiando la loro stessa vita per salvare quella di altri. Uno spettacolo che ha raccolto anche il patrocinio di Amnesty International Italia. L\u2019ingresso \u00e8 libero ed \u00e8 caldamente consigliata la prenotazione.<\/p>\n","protected":false},"excerpt":{"rendered":"","protected":false},"author":11,"featured_media":6113,"comment_status":"open","ping_status":"closed","sticky":false,"template":"","format":"standard","meta":[],"categories":[34],"tags":[],"news-destination":[],"news-source":[],"is_homepage":[581],"ta_other":[],"_links":{"self":[{"href":"https:\/\/www.ilmercoledi.news\/ilmercoledi\/news\/wp-json\/wp\/v2\/posts\/52498"}],"collection":[{"href":"https:\/\/www.ilmercoledi.news\/ilmercoledi\/news\/wp-json\/wp\/v2\/posts"}],"about":[{"href":"https:\/\/www.ilmercoledi.news\/ilmercoledi\/news\/wp-json\/wp\/v2\/types\/post"}],"author":[{"embeddable":true,"href":"https:\/\/www.ilmercoledi.news\/ilmercoledi\/news\/wp-json\/wp\/v2\/users\/11"}],"replies":[{"embeddable":true,"href":"https:\/\/www.ilmercoledi.news\/ilmercoledi\/news\/wp-json\/wp\/v2\/comments?post=52498"}],"version-history":[{"count":1,"href":"https:\/\/www.ilmercoledi.news\/ilmercoledi\/news\/wp-json\/wp\/v2\/posts\/52498\/revisions"}],"predecessor-version":[{"id":66858,"href":"https:\/\/www.ilmercoledi.news\/ilmercoledi\/news\/wp-json\/wp\/v2\/posts\/52498\/revisions\/66858"}],"wp:featuredmedia":[{"embeddable":true,"href":"https:\/\/www.ilmercoledi.news\/ilmercoledi\/news\/wp-json\/wp\/v2\/media\/6113"}],"wp:attachment":[{"href":"https:\/\/www.ilmercoledi.news\/ilmercoledi\/news\/wp-json\/wp\/v2\/media?parent=52498"}],"wp:term":[{"taxonomy":"category","embeddable":true,"href":"https:\/\/www.ilmercoledi.news\/ilmercoledi\/news\/wp-json\/wp\/v2\/categories?post=52498"},{"taxonomy":"post_tag","embeddable":true,"href":"https:\/\/www.ilmercoledi.news\/ilmercoledi\/news\/wp-json\/wp\/v2\/tags?post=52498"},{"taxonomy":"news-destination","embeddable":true,"href":"https:\/\/www.ilmercoledi.news\/ilmercoledi\/news\/wp-json\/wp\/v2\/news-destination?post=52498"},{"taxonomy":"news-source","embeddable":true,"href":"https:\/\/www.ilmercoledi.news\/ilmercoledi\/news\/wp-json\/wp\/v2\/news-source?post=52498"},{"taxonomy":"is_homepage","embeddable":true,"href":"https:\/\/www.ilmercoledi.news\/ilmercoledi\/news\/wp-json\/wp\/v2\/is_homepage?post=52498"},{"taxonomy":"ta_other","embeddable":true,"href":"https:\/\/www.ilmercoledi.news\/ilmercoledi\/news\/wp-json\/wp\/v2\/ta_other?post=52498"}],"curies":[{"name":"wp","href":"https:\/\/api.w.org\/{rel}","templated":true}]}}