{"id":52502,"date":"2023-04-03T07:18:57","date_gmt":"2023-04-03T05:18:57","guid":{"rendered":"https:\/\/www-ilmercoledi-news-*.sitenm.com\/?p=52502"},"modified":"2024-08-29T03:42:15","modified_gmt":"2023-11-03T03:42:15","slug":"pecetto-grave-incidente-nel-fine-settimana-valle-sauglio","status":"publish","type":"post","link":"https:\/\/www.ilmercoledi.news\/2023\/04\/03\/pecetto-grave-incidente-nel-fine-settimana-valle-sauglio\/","title":{"rendered":"PECETTO &#8211; Grave incidente nel fine settimana in Valle Sauglio"},"content":{"rendered":"<p>Paura nel fine settimana per un incidente a Pecetto all&#8217;incrocio tra strada Valle Sauglio e strada Valle San Pietro. Una Volkswagen Golf condotta da un 33 emme \u00e8 finita fuori strada entrando nel giardino di una casa e ribaltandosi, fortunatamente senza urtare nessun altro. L&#8217;uomo \u00e8 stato trasportato in ambulanza all&#8217;ospedale Cto di Torino, dove \u00e8 stato sottoposto a un intervento chirurgico nella notte per il trauma cranico subito. Non \u00e8 in prognosi riservata ma sicuramente ne avr\u00e0 per oltre due mesi.<\/p>\n","protected":false},"excerpt":{"rendered":"","protected":false},"author":11,"featured_media":52501,"comment_status":"open","ping_status":"closed","sticky":false,"template":"","format":"standard","meta":[],"categories":[34],"tags":[],"news-destination":[],"news-source":[],"is_homepage":[581],"ta_other":[],"_links":{"self":[{"href":"https:\/\/www.ilmercoledi.news\/ilmercoledi\/news\/wp-json\/wp\/v2\/posts\/52502"}],"collection":[{"href":"https:\/\/www.ilmercoledi.news\/ilmercoledi\/news\/wp-json\/wp\/v2\/posts"}],"about":[{"href":"https:\/\/www.ilmercoledi.news\/ilmercoledi\/news\/wp-json\/wp\/v2\/types\/post"}],"author":[{"embeddable":true,"href":"https:\/\/www.ilmercoledi.news\/ilmercoledi\/news\/wp-json\/wp\/v2\/users\/11"}],"replies":[{"embeddable":true,"href":"https:\/\/www.ilmercoledi.news\/ilmercoledi\/news\/wp-json\/wp\/v2\/comments?post=52502"}],"version-history":[{"count":1,"href":"https:\/\/www.ilmercoledi.news\/ilmercoledi\/news\/wp-json\/wp\/v2\/posts\/52502\/revisions"}],"predecessor-version":[{"id":66860,"href":"https:\/\/www.ilmercoledi.news\/ilmercoledi\/news\/wp-json\/wp\/v2\/posts\/52502\/revisions\/66860"}],"wp:featuredmedia":[{"embeddable":true,"href":"https:\/\/www.ilmercoledi.news\/ilmercoledi\/news\/wp-json\/wp\/v2\/media\/52501"}],"wp:attachment":[{"href":"https:\/\/www.ilmercoledi.news\/ilmercoledi\/news\/wp-json\/wp\/v2\/media?parent=52502"}],"wp:term":[{"taxonomy":"category","embeddable":true,"href":"https:\/\/www.ilmercoledi.news\/ilmercoledi\/news\/wp-json\/wp\/v2\/categories?post=52502"},{"taxonomy":"post_tag","embeddable":true,"href":"https:\/\/www.ilmercoledi.news\/ilmercoledi\/news\/wp-json\/wp\/v2\/tags?post=52502"},{"taxonomy":"news-destination","embeddable":true,"href":"https:\/\/www.ilmercoledi.news\/ilmercoledi\/news\/wp-json\/wp\/v2\/news-destination?post=52502"},{"taxonomy":"news-source","embeddable":true,"href":"https:\/\/www.ilmercoledi.news\/ilmercoledi\/news\/wp-json\/wp\/v2\/news-source?post=52502"},{"taxonomy":"is_homepage","embeddable":true,"href":"https:\/\/www.ilmercoledi.news\/ilmercoledi\/news\/wp-json\/wp\/v2\/is_homepage?post=52502"},{"taxonomy":"ta_other","embeddable":true,"href":"https:\/\/www.ilmercoledi.news\/ilmercoledi\/news\/wp-json\/wp\/v2\/ta_other?post=52502"}],"curies":[{"name":"wp","href":"https:\/\/api.w.org\/{rel}","templated":true}]}}