{"id":52504,"date":"2023-04-03T10:27:50","date_gmt":"2023-04-03T08:27:50","guid":{"rendered":"https:\/\/www-ilmercoledi-news-*.sitenm.com\/?p=52504"},"modified":"2024-08-29T03:42:15","modified_gmt":"2023-11-03T03:42:15","slug":"e-vento-di-turismo-con-pianalto-protagonista","status":"publish","type":"post","link":"https:\/\/www.ilmercoledi.news\/2023\/04\/03\/e-vento-di-turismo-con-pianalto-protagonista\/","title":{"rendered":"E&#8217; Vento di Turismo con Pianalto protagonista"},"content":{"rendered":"<p>Oggi \u00e8 un giorno importante per il turismo in Piemonte, dove anche il nostro territorio del Pianalto \u00e8 con i riflettori puntati. Si svolge infatti nella sede di CNA Torino la terza edizione del Convegno E&#8217; Vento Turismo, organizzato da Antonio Chiarenza per Notiziefoto.it<\/p>\n<p>La manifestazione \u00e8 organizzata per portare al tavolo le maggiori realt\u00e0 e i pi\u00f9 importanti protagonisti del turismo regionale<em> &#8220;in modo che ci sia un confronto aperto, a 360\u00b0 su questo importante comparto economico, che \u00e8 uno dei maggiori asset di sviluppo del Piemonte<\/em> &#8211; spiega Chiarenza &#8211; <em>Gli ultimi dati rivelano un netto incremento del turismo nella nostra regione&#8221;.<\/em><\/p>\n<p>Dati sono forniti e commentati da Camera di Commercio di Torino, che con il suo direttore generale, Guido Bolatto, \u00e8 una delle maggiori realt\u00e0 protagoniste del convegno, che sostiene sin dalla prima edizione, al pari di Cna, che offre ospitalit\u00e0 all&#8217;evento e che interviene con il presidente Nicola Scarlatelli e con Alessio Stefanoni, che parla di un evento significativo &#8220;Cento anni di fotografia a Torino&#8221;.<\/p>\n<p>Tante sono le iniziative al centro della riunione, come viene richiamata l&#8217;attenzione sui territori e sugli organismi che li valorizzano. Di particolare interesse \u00e8 la presentazione del Distretto del Cibo del chierese e del carmagnolese, primo organismo piemontese che raggruppa enti pubblici e realt\u00e0 produttive di una specifica area. Ne parla il presidente Roberto Ghio, sindaco di Santena, uno dei 26 Comuni dell&#8217;area sudtorinese che hanno aderito. Il territorio sul quale opera il Distretto del Cibo \u00e8 il Pianalto, un&#8217;area cuscinetto tra la metropoli torinese e le Langhe, quindi di particolare interesse.<\/p>\n","protected":false},"excerpt":{"rendered":"","protected":false},"author":6,"featured_media":52503,"comment_status":"open","ping_status":"closed","sticky":false,"template":"","format":"standard","meta":[],"categories":[252],"tags":[96],"news-destination":[],"news-source":[],"is_homepage":[581],"ta_other":[],"_links":{"self":[{"href":"https:\/\/www.ilmercoledi.news\/ilmercoledi\/news\/wp-json\/wp\/v2\/posts\/52504"}],"collection":[{"href":"https:\/\/www.ilmercoledi.news\/ilmercoledi\/news\/wp-json\/wp\/v2\/posts"}],"about":[{"href":"https:\/\/www.ilmercoledi.news\/ilmercoledi\/news\/wp-json\/wp\/v2\/types\/post"}],"author":[{"embeddable":true,"href":"https:\/\/www.ilmercoledi.news\/ilmercoledi\/news\/wp-json\/wp\/v2\/users\/6"}],"replies":[{"embeddable":true,"href":"https:\/\/www.ilmercoledi.news\/ilmercoledi\/news\/wp-json\/wp\/v2\/comments?post=52504"}],"version-history":[{"count":1,"href":"https:\/\/www.ilmercoledi.news\/ilmercoledi\/news\/wp-json\/wp\/v2\/posts\/52504\/revisions"}],"predecessor-version":[{"id":66861,"href":"https:\/\/www.ilmercoledi.news\/ilmercoledi\/news\/wp-json\/wp\/v2\/posts\/52504\/revisions\/66861"}],"wp:featuredmedia":[{"embeddable":true,"href":"https:\/\/www.ilmercoledi.news\/ilmercoledi\/news\/wp-json\/wp\/v2\/media\/52503"}],"wp:attachment":[{"href":"https:\/\/www.ilmercoledi.news\/ilmercoledi\/news\/wp-json\/wp\/v2\/media?parent=52504"}],"wp:term":[{"taxonomy":"category","embeddable":true,"href":"https:\/\/www.ilmercoledi.news\/ilmercoledi\/news\/wp-json\/wp\/v2\/categories?post=52504"},{"taxonomy":"post_tag","embeddable":true,"href":"https:\/\/www.ilmercoledi.news\/ilmercoledi\/news\/wp-json\/wp\/v2\/tags?post=52504"},{"taxonomy":"news-destination","embeddable":true,"href":"https:\/\/www.ilmercoledi.news\/ilmercoledi\/news\/wp-json\/wp\/v2\/news-destination?post=52504"},{"taxonomy":"news-source","embeddable":true,"href":"https:\/\/www.ilmercoledi.news\/ilmercoledi\/news\/wp-json\/wp\/v2\/news-source?post=52504"},{"taxonomy":"is_homepage","embeddable":true,"href":"https:\/\/www.ilmercoledi.news\/ilmercoledi\/news\/wp-json\/wp\/v2\/is_homepage?post=52504"},{"taxonomy":"ta_other","embeddable":true,"href":"https:\/\/www.ilmercoledi.news\/ilmercoledi\/news\/wp-json\/wp\/v2\/ta_other?post=52504"}],"curies":[{"name":"wp","href":"https:\/\/api.w.org\/{rel}","templated":true}]}}