{"id":52510,"date":"2023-04-03T16:55:12","date_gmt":"2023-04-03T14:55:12","guid":{"rendered":"https:\/\/www-ilmercoledi-news-*.sitenm.com\/?p=52510"},"modified":"2024-08-29T03:42:15","modified_gmt":"2023-11-03T03:42:15","slug":"asl-5-lazienda-aderisce-alla-giornata-mondiale-dellattivita-fisica","status":"publish","type":"post","link":"https:\/\/www.ilmercoledi.news\/2023\/04\/03\/asl-5-lazienda-aderisce-alla-giornata-mondiale-dellattivita-fisica\/","title":{"rendered":"ASL TO 5 &#8211; L&#8217;azienda aderisce alla Giornata Mondiale dell\u2019attivit\u00e0 fisica"},"content":{"rendered":"<p align=\"JUSTIFY\">Come ogni anno il 6 aprile l\u2019AslTO5 aderisce alla Giornata Mondiale dell\u2019attivit\u00e0 fisica, un evento internazionale che mette in risalto l\u2019importanza di promuovere uno stile di vita attivo e la pratica di regolare attivit\u00e0 fisica, in tutta la popolazione e in ogni fase della vita.<\/p>\n<p align=\"JUSTIFY\">Lo slogan utilizzato quest\u2019anno \u00e8 \u201cDivertiti! Fai Movimento!\u201d, in particolare ci ricorda che il movimento \u00e8 socializzazione, condivisione, ma pu\u00f2 essere anche divertimento.<\/p>\n<p align=\"JUSTIFY\">Adottare, ogni giorno, uno stile di vita attivo rigenera sia il nostro corpo che il nostro spirito.<\/p>\n<p align=\"JUSTIFY\">Per celebrare il 6 aprile, sono stati realizzati dall\u2019Agenzia di salute pubblica della Catalogna dei materiali comunicativi (Dia Mundial de l&#8217;Activitat F\u00edsica. Ag\u00e8ncia de Salut P\u00fablica de Catalunya (ASPCAT).\u00a0Tali materiali sono consultabili sul sito del Dors al link:\u00a0https:\/\/www.dors.it\/page.php?idarticolo=3950.<\/p>\n","protected":false},"excerpt":{"rendered":"","protected":false},"author":11,"featured_media":20850,"comment_status":"open","ping_status":"closed","sticky":false,"template":"","format":"standard","meta":[],"categories":[34],"tags":[],"news-destination":[],"news-source":[],"is_homepage":[581],"ta_other":[],"_links":{"self":[{"href":"https:\/\/www.ilmercoledi.news\/ilmercoledi\/news\/wp-json\/wp\/v2\/posts\/52510"}],"collection":[{"href":"https:\/\/www.ilmercoledi.news\/ilmercoledi\/news\/wp-json\/wp\/v2\/posts"}],"about":[{"href":"https:\/\/www.ilmercoledi.news\/ilmercoledi\/news\/wp-json\/wp\/v2\/types\/post"}],"author":[{"embeddable":true,"href":"https:\/\/www.ilmercoledi.news\/ilmercoledi\/news\/wp-json\/wp\/v2\/users\/11"}],"replies":[{"embeddable":true,"href":"https:\/\/www.ilmercoledi.news\/ilmercoledi\/news\/wp-json\/wp\/v2\/comments?post=52510"}],"version-history":[{"count":1,"href":"https:\/\/www.ilmercoledi.news\/ilmercoledi\/news\/wp-json\/wp\/v2\/posts\/52510\/revisions"}],"predecessor-version":[{"id":66853,"href":"https:\/\/www.ilmercoledi.news\/ilmercoledi\/news\/wp-json\/wp\/v2\/posts\/52510\/revisions\/66853"}],"wp:featuredmedia":[{"embeddable":true,"href":"https:\/\/www.ilmercoledi.news\/ilmercoledi\/news\/wp-json\/wp\/v2\/media\/20850"}],"wp:attachment":[{"href":"https:\/\/www.ilmercoledi.news\/ilmercoledi\/news\/wp-json\/wp\/v2\/media?parent=52510"}],"wp:term":[{"taxonomy":"category","embeddable":true,"href":"https:\/\/www.ilmercoledi.news\/ilmercoledi\/news\/wp-json\/wp\/v2\/categories?post=52510"},{"taxonomy":"post_tag","embeddable":true,"href":"https:\/\/www.ilmercoledi.news\/ilmercoledi\/news\/wp-json\/wp\/v2\/tags?post=52510"},{"taxonomy":"news-destination","embeddable":true,"href":"https:\/\/www.ilmercoledi.news\/ilmercoledi\/news\/wp-json\/wp\/v2\/news-destination?post=52510"},{"taxonomy":"news-source","embeddable":true,"href":"https:\/\/www.ilmercoledi.news\/ilmercoledi\/news\/wp-json\/wp\/v2\/news-source?post=52510"},{"taxonomy":"is_homepage","embeddable":true,"href":"https:\/\/www.ilmercoledi.news\/ilmercoledi\/news\/wp-json\/wp\/v2\/is_homepage?post=52510"},{"taxonomy":"ta_other","embeddable":true,"href":"https:\/\/www.ilmercoledi.news\/ilmercoledi\/news\/wp-json\/wp\/v2\/ta_other?post=52510"}],"curies":[{"name":"wp","href":"https:\/\/api.w.org\/{rel}","templated":true}]}}