{"id":52552,"date":"2023-04-06T06:53:41","date_gmt":"2023-04-06T04:53:41","guid":{"rendered":"https:\/\/www-ilmercoledi-news-*.sitenm.com\/?p=52552"},"modified":"2024-08-29T03:42:15","modified_gmt":"2023-11-03T03:42:15","slug":"pecetto-piccoli-passi-per-le-colline-di-ciliegi-e-tulipani","status":"publish","type":"post","link":"https:\/\/www.ilmercoledi.news\/2023\/04\/06\/pecetto-piccoli-passi-per-le-colline-di-ciliegi-e-tulipani\/","title":{"rendered":"PECETTO &#8211; A piccoli passi per le colline di ciliegi e tulipani"},"content":{"rendered":"<p>Venerd\u00ec 14 aprile alle ore 17, con ritrovo a Pecetto Torinese, piazza Unit\u00e0 d&#8217;Italia, nell&#8217;ambito del progetto Slow Time, l&#8217;associazione\u00a0Camminare Lentamente organizza &#8220;A piccoli passi&#8221;, passeggiate rivolte a famiglie con bambini della fascia 0-6 anni che siano al tempo stesso conoscitive, esplorando il territorio nei suoi aspetti naturalistici e storici, e aggregative, inclusive e aperte a tutti.\u00a0Al termine di ogni passeggiata vengono proposte merende con prodotti del territorio, attivit\u00e0 di animazione teatrale e ludiche.<\/p>\n<p>La seconda passeggiata si svolge a Pecetto, tra i colori e i profumi della primavera. Un\u2019avventura all&#8217;insegna della riscoperta della natura e di tutto ci\u00f2 che ha da offrire nella sua semplicit\u00e0. In un territorio ricco di ciliegi, Andrea e Carlotta hanno piantato 50.000 tulipani di svariate qualit\u00e0 da ammirare, fotografare, scegliere e raccogliere con le proprie mani. Lunghezza percorso: 2 km.<\/p>\n<p>&nbsp;<\/p>\n","protected":false},"excerpt":{"rendered":"","protected":false},"author":11,"featured_media":52485,"comment_status":"open","ping_status":"closed","sticky":false,"template":"","format":"standard","meta":[],"categories":[34],"tags":[],"news-destination":[],"news-source":[],"is_homepage":[581],"ta_other":[],"_links":{"self":[{"href":"https:\/\/www.ilmercoledi.news\/ilmercoledi\/news\/wp-json\/wp\/v2\/posts\/52552"}],"collection":[{"href":"https:\/\/www.ilmercoledi.news\/ilmercoledi\/news\/wp-json\/wp\/v2\/posts"}],"about":[{"href":"https:\/\/www.ilmercoledi.news\/ilmercoledi\/news\/wp-json\/wp\/v2\/types\/post"}],"author":[{"embeddable":true,"href":"https:\/\/www.ilmercoledi.news\/ilmercoledi\/news\/wp-json\/wp\/v2\/users\/11"}],"replies":[{"embeddable":true,"href":"https:\/\/www.ilmercoledi.news\/ilmercoledi\/news\/wp-json\/wp\/v2\/comments?post=52552"}],"version-history":[{"count":1,"href":"https:\/\/www.ilmercoledi.news\/ilmercoledi\/news\/wp-json\/wp\/v2\/posts\/52552\/revisions"}],"predecessor-version":[{"id":66882,"href":"https:\/\/www.ilmercoledi.news\/ilmercoledi\/news\/wp-json\/wp\/v2\/posts\/52552\/revisions\/66882"}],"wp:featuredmedia":[{"embeddable":true,"href":"https:\/\/www.ilmercoledi.news\/ilmercoledi\/news\/wp-json\/wp\/v2\/media\/52485"}],"wp:attachment":[{"href":"https:\/\/www.ilmercoledi.news\/ilmercoledi\/news\/wp-json\/wp\/v2\/media?parent=52552"}],"wp:term":[{"taxonomy":"category","embeddable":true,"href":"https:\/\/www.ilmercoledi.news\/ilmercoledi\/news\/wp-json\/wp\/v2\/categories?post=52552"},{"taxonomy":"post_tag","embeddable":true,"href":"https:\/\/www.ilmercoledi.news\/ilmercoledi\/news\/wp-json\/wp\/v2\/tags?post=52552"},{"taxonomy":"news-destination","embeddable":true,"href":"https:\/\/www.ilmercoledi.news\/ilmercoledi\/news\/wp-json\/wp\/v2\/news-destination?post=52552"},{"taxonomy":"news-source","embeddable":true,"href":"https:\/\/www.ilmercoledi.news\/ilmercoledi\/news\/wp-json\/wp\/v2\/news-source?post=52552"},{"taxonomy":"is_homepage","embeddable":true,"href":"https:\/\/www.ilmercoledi.news\/ilmercoledi\/news\/wp-json\/wp\/v2\/is_homepage?post=52552"},{"taxonomy":"ta_other","embeddable":true,"href":"https:\/\/www.ilmercoledi.news\/ilmercoledi\/news\/wp-json\/wp\/v2\/ta_other?post=52552"}],"curies":[{"name":"wp","href":"https:\/\/api.w.org\/{rel}","templated":true}]}}