{"id":52695,"date":"2023-04-13T14:20:46","date_gmt":"2023-04-13T12:20:46","guid":{"rendered":"https:\/\/www-ilmercoledi-news-*.sitenm.com\/?p=52695"},"modified":"2024-08-29T03:42:14","modified_gmt":"2023-11-03T03:42:14","slug":"nichelino-uno-spettacolo-al-superga-per-la-ricerca-sulla-fibrosi-cistica","status":"publish","type":"post","link":"https:\/\/www.ilmercoledi.news\/2023\/04\/13\/nichelino-uno-spettacolo-al-superga-per-la-ricerca-sulla-fibrosi-cistica\/","title":{"rendered":"NICHELINO &#8211; Uno spettacolo al Superga per la ricerca sulla Fibrosi cistica"},"content":{"rendered":"<p>Al Teatro Superga di Nichelino, il 4 maggio alle 20.00 si terr\u00e0 \u201cPrendifiato\u201d evento benefico a sostegno della Fondazione per la Ricerca sulla Fibrosi Cistica impegnata dal 2002 a promuovere, selezionare e finanziare progetti avanzati di ricerca sulla fibrosi cistica, la malattia genetica grave pi\u00f9 diffusa in Europa.<\/p>\n<p>Danza, teatro ed emozioni si fonderanno per dare vita ad una serata di intrattenimento, informazione e riflessione, in cui verranno raccontati i punti fermi che non possono mancare nella vita di un paziente di FFC: ricerca, forza d&#8217;animo, famiglia, sport. amici e volontari.<\/p>\n<p>L\u2019intero ricavato della serata sar\u00e0 devoluto alla Fondazione, per continuare a migliorare le cure di cui oggi disponiamo, accrescere la qualit\u00e0 e la durata di vita dei malati; colpire alla radice il difetto che causa la fibrosi cistica; trovare una cura risolutiva per tutti.<\/p>\n<p>\u201cPrendifiato\u201d \u00e8 un progetto fortemente voluto da Chiara Graziani, che insieme alla sua famiglia e a tanti amici e volontari ha fondato il Gruppo di Sostegno di Nichelino; dalla scuola di danza Ateneo dello Spettacolo di Moncalieri, che porter\u00e0 in scena con le sue giovani allieve le esibizioni di danza e teatro; dalle piccole realt\u00e0 imprenditoriali del territorio, che con grande generosit\u00e0 hanno creduto nell\u2019iniziativa; dal Comune di Nichelino, che ha patrocinato e collaborato alla realizzazione dell&#8217;evento.<\/p>\n","protected":false},"excerpt":{"rendered":"","protected":false},"author":11,"featured_media":11551,"comment_status":"open","ping_status":"closed","sticky":false,"template":"","format":"standard","meta":[],"categories":[34],"tags":[],"news-destination":[],"news-source":[],"is_homepage":[581],"ta_other":[],"_links":{"self":[{"href":"https:\/\/www.ilmercoledi.news\/ilmercoledi\/news\/wp-json\/wp\/v2\/posts\/52695"}],"collection":[{"href":"https:\/\/www.ilmercoledi.news\/ilmercoledi\/news\/wp-json\/wp\/v2\/posts"}],"about":[{"href":"https:\/\/www.ilmercoledi.news\/ilmercoledi\/news\/wp-json\/wp\/v2\/types\/post"}],"author":[{"embeddable":true,"href":"https:\/\/www.ilmercoledi.news\/ilmercoledi\/news\/wp-json\/wp\/v2\/users\/11"}],"replies":[{"embeddable":true,"href":"https:\/\/www.ilmercoledi.news\/ilmercoledi\/news\/wp-json\/wp\/v2\/comments?post=52695"}],"version-history":[{"count":1,"href":"https:\/\/www.ilmercoledi.news\/ilmercoledi\/news\/wp-json\/wp\/v2\/posts\/52695\/revisions"}],"predecessor-version":[{"id":66797,"href":"https:\/\/www.ilmercoledi.news\/ilmercoledi\/news\/wp-json\/wp\/v2\/posts\/52695\/revisions\/66797"}],"wp:featuredmedia":[{"embeddable":true,"href":"https:\/\/www.ilmercoledi.news\/ilmercoledi\/news\/wp-json\/wp\/v2\/media\/11551"}],"wp:attachment":[{"href":"https:\/\/www.ilmercoledi.news\/ilmercoledi\/news\/wp-json\/wp\/v2\/media?parent=52695"}],"wp:term":[{"taxonomy":"category","embeddable":true,"href":"https:\/\/www.ilmercoledi.news\/ilmercoledi\/news\/wp-json\/wp\/v2\/categories?post=52695"},{"taxonomy":"post_tag","embeddable":true,"href":"https:\/\/www.ilmercoledi.news\/ilmercoledi\/news\/wp-json\/wp\/v2\/tags?post=52695"},{"taxonomy":"news-destination","embeddable":true,"href":"https:\/\/www.ilmercoledi.news\/ilmercoledi\/news\/wp-json\/wp\/v2\/news-destination?post=52695"},{"taxonomy":"news-source","embeddable":true,"href":"https:\/\/www.ilmercoledi.news\/ilmercoledi\/news\/wp-json\/wp\/v2\/news-source?post=52695"},{"taxonomy":"is_homepage","embeddable":true,"href":"https:\/\/www.ilmercoledi.news\/ilmercoledi\/news\/wp-json\/wp\/v2\/is_homepage?post=52695"},{"taxonomy":"ta_other","embeddable":true,"href":"https:\/\/www.ilmercoledi.news\/ilmercoledi\/news\/wp-json\/wp\/v2\/ta_other?post=52695"}],"curies":[{"name":"wp","href":"https:\/\/api.w.org\/{rel}","templated":true}]}}