{"id":52723,"date":"2023-04-18T09:04:05","date_gmt":"2023-04-18T07:04:05","guid":{"rendered":"https:\/\/www-ilmercoledi-news-*.sitenm.com\/?p=52723"},"modified":"2024-08-29T03:42:14","modified_gmt":"2023-11-03T03:42:14","slug":"sabato-riapre-la-biblioteca-trofarello-alle-10-inaugurazione-del-punto-prelievi","status":"publish","type":"post","link":"https:\/\/www.ilmercoledi.news\/2023\/04\/18\/sabato-riapre-la-biblioteca-trofarello-alle-10-inaugurazione-del-punto-prelievi\/","title":{"rendered":"Sabato riapre la Biblioteca a Trofarello: alle 10 inaugurazione del Punto Prelievi"},"content":{"rendered":"<p>Poco pi\u00f9 di tre mesi per allestire il trasloco, ricatalogare tutti i libri e aggiornare il database di Sbam. E ora la biblioteca di Trofarello \u00e8 pronta a ricominciare.<\/p>\n<p>Il servizio di prestito, sospeso dal 9 dicembre, riprender\u00e0 ufficialmente <strong>sabato 22 aprile alle ore 10<\/strong>, con il taglio del nastro del nuovo <strong>Punto Prestito<\/strong>, sempre al Marzanati di via Battisti 25, ma nell\u2019altra manica del centro culturale, dove in questi mesi sono stati trasferiti libri, riviste e dvd.<\/p>\n<p>\u201cCi sar\u00e0 un piccolo momento per festeggiare la riapertura con gli utenti pi\u00f9 appassionati e con tutti quelli che vorranno partecipare\u201d, spiegano dalla Civica. E\u2019 prevista anche un\u2019attivit\u00e0 per i bimbi 3-6 anni.<\/p>\n<p>Le ragioni del trasloco sono nell\u2019imminenza dei lavori di ristrutturazione e riorganizzazione di una parte del Marzanati, mantenendo l\u2019altra parte a disposizione per varie attivit\u00e0.<\/p>\n<p>\u201cPubblicata la gara per i lavori del Polo Culturale lotto 1\u00b0 che riguarda anche la manica del Marzanati dove si trovava la biblioteca la necessit\u00e0 di trovare una soluzione alternativa e temporanea\u201d spiegano dal Comune.<\/p>\n<p>L\u2019entrata del Punto Prestito sar\u00e0 da via Cesare Battisti, con tre giorni di apertura al pubblico: marted\u00ec h: 14 -18; mercoled\u00ec h. 9,30-12 e h. 14-18; sabato h. 9,30-12.<\/p>\n<p>L\u2019assessore Bertelle commenta: \u201cSono molto contenta che la nostra biblioteca riapra le porte alla cittadinanza, anche grazie al prezioso contributo di Antonella Sabatino, di Coopculture e alle ragazze del servizio civile. I tecnici comunali hanno consentito un veloce trasloco per permettere l\u2019avvio dei lavori della parte pi\u00f9 vecchia del Marzanati\u201d. Continua il sindaco Stefano Napoletano: \u201cUna particolare cura \u00e8 stata data all\u2019allestimento di un punto per i pi\u00f9 piccolini che insieme ai propri genitori potranno appassionarsi in uno spazio curato e protetto. Direi addirittura meglio di prima\u201d.<\/p>\n<p><a href=\"https:\/\/www.ilmercoledi.news\/ilmercoledi\/news\/wp-content\/uploads\/sites\/3\/2023\/04\/trofarello-biblioteca-marzanati-area-bimbi.jpg\"><img alt=\"Sabato riapre la Biblioteca a Trofarello: alle 10 inaugurazione del Punto Prelievi\" title=\"Sabato riapre la Biblioteca a Trofarello: alle 10 inaugurazione del Punto Prelievi\" loading=\"lazy\" class=\"size-medium wp-image-55592\" src=\"https:\/\/www.ilmercoledi.news\/ilmercoledi\/news\/wp-content\/uploads\/sites\/3\/2023\/04\/trofarello-biblioteca-marzanati-area-bimbi-225x300.jpg\" alt=\"\" width=\"225\" height=\"300\" \/><\/a> \u00a0<a href=\"https:\/\/www.ilmercoledi.news\/ilmercoledi\/news\/wp-content\/uploads\/sites\/3\/2023\/04\/trofarello-biblioteca-marzanati.jpg\"><img alt=\"Sabato riapre la Biblioteca a Trofarello: alle 10 inaugurazione del Punto Prelievi\" title=\"Sabato riapre la Biblioteca a Trofarello: alle 10 inaugurazione del Punto Prelievi\" loading=\"lazy\" class=\"size-medium wp-image-55594\" src=\"https:\/\/www.ilmercoledi.news\/ilmercoledi\/news\/wp-content\/uploads\/sites\/3\/2023\/04\/trofarello-biblioteca-marzanati-225x300.jpg\" alt=\"\" width=\"225\" height=\"300\" \/> <\/a><a href=\"https:\/\/www.ilmercoledi.news\/ilmercoledi\/news\/wp-content\/uploads\/sites\/3\/2023\/04\/trofarello-biblioteca-marzanati-2.jpg\"><img alt=\"Sabato riapre la Biblioteca a Trofarello: alle 10 inaugurazione del Punto Prelievi\" title=\"Sabato riapre la Biblioteca a Trofarello: alle 10 inaugurazione del Punto Prelievi\" loading=\"lazy\" class=\"size-medium wp-image-55593\" src=\"https:\/\/www.ilmercoledi.news\/ilmercoledi\/news\/wp-content\/uploads\/sites\/3\/2023\/04\/trofarello-biblioteca-marzanati-2-225x300.jpg\" alt=\"\" width=\"225\" height=\"300\" \/><\/a><\/p>\n","protected":false},"excerpt":{"rendered":"","protected":false},"author":4,"featured_media":52722,"comment_status":"open","ping_status":"closed","sticky":false,"template":"","format":"standard","meta":[],"categories":[34],"tags":[],"news-destination":[],"news-source":[],"is_homepage":[581],"ta_other":[],"_links":{"self":[{"href":"https:\/\/www.ilmercoledi.news\/ilmercoledi\/news\/wp-json\/wp\/v2\/posts\/52723"}],"collection":[{"href":"https:\/\/www.ilmercoledi.news\/ilmercoledi\/news\/wp-json\/wp\/v2\/posts"}],"about":[{"href":"https:\/\/www.ilmercoledi.news\/ilmercoledi\/news\/wp-json\/wp\/v2\/types\/post"}],"author":[{"embeddable":true,"href":"https:\/\/www.ilmercoledi.news\/ilmercoledi\/news\/wp-json\/wp\/v2\/users\/4"}],"replies":[{"embeddable":true,"href":"https:\/\/www.ilmercoledi.news\/ilmercoledi\/news\/wp-json\/wp\/v2\/comments?post=52723"}],"version-history":[{"count":1,"href":"https:\/\/www.ilmercoledi.news\/ilmercoledi\/news\/wp-json\/wp\/v2\/posts\/52723\/revisions"}],"predecessor-version":[{"id":52729,"href":"https:\/\/www.ilmercoledi.news\/ilmercoledi\/news\/wp-json\/wp\/v2\/posts\/52723\/revisions\/52729"}],"wp:featuredmedia":[{"embeddable":true,"href":"https:\/\/www.ilmercoledi.news\/ilmercoledi\/news\/wp-json\/wp\/v2\/media\/52722"}],"wp:attachment":[{"href":"https:\/\/www.ilmercoledi.news\/ilmercoledi\/news\/wp-json\/wp\/v2\/media?parent=52723"}],"wp:term":[{"taxonomy":"category","embeddable":true,"href":"https:\/\/www.ilmercoledi.news\/ilmercoledi\/news\/wp-json\/wp\/v2\/categories?post=52723"},{"taxonomy":"post_tag","embeddable":true,"href":"https:\/\/www.ilmercoledi.news\/ilmercoledi\/news\/wp-json\/wp\/v2\/tags?post=52723"},{"taxonomy":"news-destination","embeddable":true,"href":"https:\/\/www.ilmercoledi.news\/ilmercoledi\/news\/wp-json\/wp\/v2\/news-destination?post=52723"},{"taxonomy":"news-source","embeddable":true,"href":"https:\/\/www.ilmercoledi.news\/ilmercoledi\/news\/wp-json\/wp\/v2\/news-source?post=52723"},{"taxonomy":"is_homepage","embeddable":true,"href":"https:\/\/www.ilmercoledi.news\/ilmercoledi\/news\/wp-json\/wp\/v2\/is_homepage?post=52723"},{"taxonomy":"ta_other","embeddable":true,"href":"https:\/\/www.ilmercoledi.news\/ilmercoledi\/news\/wp-json\/wp\/v2\/ta_other?post=52723"}],"curies":[{"name":"wp","href":"https:\/\/api.w.org\/{rel}","templated":true}]}}