{"id":5273,"date":"2018-04-25T18:45:39","date_gmt":"2018-04-25T16:45:39","guid":{"rendered":"http:\/\/euwps02.tecnavia.com\/ilmercoledi\/news\/?p=5273"},"modified":"2018-04-25T18:49:22","modified_gmt":"2018-04-25T16:49:22","slug":"mercoledi-racing-team-massa-al-valli-cuneesi","status":"publish","type":"post","link":"https:\/\/www.ilmercoledi.news\/2018\/04\/25\/mercoledi-racing-team-massa-al-valli-cuneesi\/","title":{"rendered":"Il Mercoled\u00ec Racing Team in massa al Valli Cuneesi"},"content":{"rendered":"<p align=\"JUSTIFY\">CARMAGNOLA &#8211; Interverranno in massa le scuderie nostrane alla ventiquattresima edizione del Valli Cuneesi, il rally organizza dalla Sport Rally Team di Carmagnola che nel finse settimana in arrivo, 27 e 28 aprile, prender\u00e0 il via da Dronero. La corsa del sodalizio di patron Pier Capello vedr\u00e0 infatti otto equipaggi provenienti dal nostro territorio, cinque de il Mercoled\u00ec Racing Team (la simbolica scuderia che racchiude i driver residenti a Moncalieri e comuni limitrofi) e tre della Due Gi Sport Moncalieri, storica squadra di rallisti presieduta da Giorgio Gabetti. Per quest&#8217;ultima saranno presenti Giorgio Romano e Marijana Marinkovic, Andrea Lomonaco e Fabio Gulmini, Eric Odin e Grazia Ponzano. Sotto l&#8217;egida dell&#8217;iMRT vederemo invece in azione il poirinese Patrik Gagliasso e il carmagnolese Dario Beltramo, il moncalierese d&#8217;adozione Piergiacomo Riva e il suo navigatore Andrea Besso, i trofarellesi Marco Luison e Federica Scaglione, il moncalierese Piermario Cornaglia, con alle note il torinese Andrea Canali, il carmagnolese Alex Quattrocchio affiancato da Gianluca Pavone.<\/p>\n<p>Il Valli Cuneesi, non pi\u00f9 settembrino, apre quest\u2019anno la stagione della Coppa Italia Rally 2018 in Prima Zona, dove il campionato regionale firmato Aci Sport \u00e8 articolato su quattro date (seguiranno Alba, Lanterna e Rubinetto).<\/p>\n<p>I quattro\u00a0organizzatori bissano il successo 2017 del montepremi congiunto, ed \u00e8 cos\u00ec nato il Trofeo Pirelli 2018, il cui valore globale supera i 60mila euro.Al via con il numero 1 con una potente Wrc, i vincitori dell\u2019anno scorso Gino-Ravera, su Ford Fiesta Rs.<\/p>\n<p>Il Valli Cuneesi 2018 \u201cMemorial Johnny Cornaglia\u201d \u00e8 anche valido per i Trofei\u00a0Renault Clio R3C, Clio R3T e Clio N3 Corri con Clio, oltre al Trofeo Gianfranco Giorsetti, e Trofeo GianPiero Turletti.Prima delle vetture moderne, il pubblico vedr\u00e0 scorrere le veterane partecipanti all\u201911\u00b0 rally storico del Cuneese, una competizione a s\u00e9 dedicata ad automobili da rally costruite entro il 1989. In gara anche alcune mitiche auto da corsa, come una Lancia Stratos, una Delta Hf integrale, una Toyota Celica Gt Four, in assoluto le prime tre vetture ad aprire la carovana del doppio rally.<\/p>\n<p>Identico il percorso, 3 tratti cronometrati per un totale di 7 prove speciali, ovvero 86 km cronometrati su un tragitto totale di 400 circa. I tratti competitivi 2018: Montemale (11,5 km) da ripetere tre volte, Valmala (circa 20 km) e Brondello (7 km), ognuna da effettuare due volte. Invece, a riposo per un anno una \u201cclassica\u201d della gara, la Madonna del Colletto.<\/p>\n<p>Il programma in breve:cerimonia di partenza\u00a0venerd\u00ec 27 aprile, dalle 18.30, a Dronero, Piazza Manuel;venerd\u00ec 27 aprile dalle 19 alle 22: passerella promozionale a Saluzzo, in corso Italia, in un tratto reso eccezionalmente pedonale sotto il monumento a Silvio Pellico, festa di piazza con raduno Ferrari (contemporanee e d\u2019epoca), auto storiche e moderne in esposizione, musica dal vivo, passaggio dei concorrenti intervistati in pedana, partenza gara,\u00a0sabato\u00a028 aprile dalle 7.30 a Dronero, Piazza Martiri; arrivo e premiazione,\u00a0sabato\u00a028 aprile dalle 19 a Dronero, Piazza Manuel.<\/p>\n<p align=\"JUSTIFY\"><strong>I risultati sull&#8217;edizione in edicola gioved\u00ec 3 maggio<\/strong><\/p>\n","protected":false},"excerpt":{"rendered":"","protected":false},"author":10,"featured_media":5274,"comment_status":"open","ping_status":"closed","sticky":false,"template":"","format":"standard","meta":[],"categories":[10],"tags":[],"news-destination":[],"news-source":[],"is_homepage":[],"ta_other":[],"_links":{"self":[{"href":"https:\/\/www.ilmercoledi.news\/ilmercoledi\/news\/wp-json\/wp\/v2\/posts\/5273"}],"collection":[{"href":"https:\/\/www.ilmercoledi.news\/ilmercoledi\/news\/wp-json\/wp\/v2\/posts"}],"about":[{"href":"https:\/\/www.ilmercoledi.news\/ilmercoledi\/news\/wp-json\/wp\/v2\/types\/post"}],"author":[{"embeddable":true,"href":"https:\/\/www.ilmercoledi.news\/ilmercoledi\/news\/wp-json\/wp\/v2\/users\/10"}],"replies":[{"embeddable":true,"href":"https:\/\/www.ilmercoledi.news\/ilmercoledi\/news\/wp-json\/wp\/v2\/comments?post=5273"}],"version-history":[{"count":5,"href":"https:\/\/www.ilmercoledi.news\/ilmercoledi\/news\/wp-json\/wp\/v2\/posts\/5273\/revisions"}],"predecessor-version":[{"id":5279,"href":"https:\/\/www.ilmercoledi.news\/ilmercoledi\/news\/wp-json\/wp\/v2\/posts\/5273\/revisions\/5279"}],"wp:featuredmedia":[{"embeddable":true,"href":"https:\/\/www.ilmercoledi.news\/ilmercoledi\/news\/wp-json\/wp\/v2\/media\/5274"}],"wp:attachment":[{"href":"https:\/\/www.ilmercoledi.news\/ilmercoledi\/news\/wp-json\/wp\/v2\/media?parent=5273"}],"wp:term":[{"taxonomy":"category","embeddable":true,"href":"https:\/\/www.ilmercoledi.news\/ilmercoledi\/news\/wp-json\/wp\/v2\/categories?post=5273"},{"taxonomy":"post_tag","embeddable":true,"href":"https:\/\/www.ilmercoledi.news\/ilmercoledi\/news\/wp-json\/wp\/v2\/tags?post=5273"},{"taxonomy":"news-destination","embeddable":true,"href":"https:\/\/www.ilmercoledi.news\/ilmercoledi\/news\/wp-json\/wp\/v2\/news-destination?post=5273"},{"taxonomy":"news-source","embeddable":true,"href":"https:\/\/www.ilmercoledi.news\/ilmercoledi\/news\/wp-json\/wp\/v2\/news-source?post=5273"},{"taxonomy":"is_homepage","embeddable":true,"href":"https:\/\/www.ilmercoledi.news\/ilmercoledi\/news\/wp-json\/wp\/v2\/is_homepage?post=5273"},{"taxonomy":"ta_other","embeddable":true,"href":"https:\/\/www.ilmercoledi.news\/ilmercoledi\/news\/wp-json\/wp\/v2\/ta_other?post=5273"}],"curies":[{"name":"wp","href":"https:\/\/api.w.org\/{rel}","templated":true}]}}