{"id":52829,"date":"2023-04-21T15:59:51","date_gmt":"2023-04-21T13:59:51","guid":{"rendered":"https:\/\/www-ilmercoledi-news-*.sitenm.com\/?p=52829"},"modified":"2024-08-29T03:42:13","modified_gmt":"2023-11-03T03:42:13","slug":"sabato-29-aprile-palazzo-cisterna-torino-jazz-per-un-giardino-ritrovato","status":"publish","type":"post","link":"https:\/\/www.ilmercoledi.news\/2023\/04\/21\/sabato-29-aprile-palazzo-cisterna-torino-jazz-per-un-giardino-ritrovato\/","title":{"rendered":"Sabato 29 aprile a Palazzo Cisterna (Torino) \u201cJazz per un giardino ritrovato\u201d"},"content":{"rendered":"<p>Musica di qualit\u00e0 nella citt\u00e0 ella Mole con il Torino Jazz Festival, che si terr\u00e0 in vari punti del capoluogo piemontese dal 22 al 30 aprile.<\/p>\n<p>L\u2019XI edizione proporr\u00e0 al solito concerti, jam session, marching band, conferenze e alter iniziative presso sale musicali prestigiose e club dove si suona tutto l\u2019anno.<\/p>\n<p>Novit\u00e0 di quest\u2019anno, l\u2019appuntamento al giardino di Palazzo Cisterna, sede aulica della Citt\u00e0 metropolitana di Torino, con un jazz bliz sabato 29 aprile alle ore 11,30 insieme al Centro di formazione musicale CFM Blue Jazz Duo che propone \u201cJazz per un giardino ritrovato\u201d.<\/p>\n<p>Nel programma i brani \u201cChitlins con Carne\u201d di Kenny Burrell; \u201cMary had a Little Lamb\u201d di Buddy Guy; \u201cMoanin\u2019\u201ddi Bobby Timmons e \u201cLenny\u201d di Stevie Ray Vaughan.<\/p>\n<p>Il festival, la cui direzione artistica \u00e8 affidata a Stefano Zenni, affianca ai grandi musicisti una importante sezione culturale, con una serie di conferenze sui temi della contemporaneit\u00e0, grazie alla capacit\u00e0 del jazz di essere una musica globale aperta alla diversit\u00e0 e al cambiamento.<\/p>\n","protected":false},"excerpt":{"rendered":"","protected":false},"author":4,"featured_media":52828,"comment_status":"open","ping_status":"closed","sticky":false,"template":"","format":"standard","meta":[],"categories":[9],"tags":[],"news-destination":[],"news-source":[],"is_homepage":[581],"ta_other":[],"_links":{"self":[{"href":"https:\/\/www.ilmercoledi.news\/ilmercoledi\/news\/wp-json\/wp\/v2\/posts\/52829"}],"collection":[{"href":"https:\/\/www.ilmercoledi.news\/ilmercoledi\/news\/wp-json\/wp\/v2\/posts"}],"about":[{"href":"https:\/\/www.ilmercoledi.news\/ilmercoledi\/news\/wp-json\/wp\/v2\/types\/post"}],"author":[{"embeddable":true,"href":"https:\/\/www.ilmercoledi.news\/ilmercoledi\/news\/wp-json\/wp\/v2\/users\/4"}],"replies":[{"embeddable":true,"href":"https:\/\/www.ilmercoledi.news\/ilmercoledi\/news\/wp-json\/wp\/v2\/comments?post=52829"}],"version-history":[{"count":1,"href":"https:\/\/www.ilmercoledi.news\/ilmercoledi\/news\/wp-json\/wp\/v2\/posts\/52829\/revisions"}],"predecessor-version":[{"id":66748,"href":"https:\/\/www.ilmercoledi.news\/ilmercoledi\/news\/wp-json\/wp\/v2\/posts\/52829\/revisions\/66748"}],"wp:featuredmedia":[{"embeddable":true,"href":"https:\/\/www.ilmercoledi.news\/ilmercoledi\/news\/wp-json\/wp\/v2\/media\/52828"}],"wp:attachment":[{"href":"https:\/\/www.ilmercoledi.news\/ilmercoledi\/news\/wp-json\/wp\/v2\/media?parent=52829"}],"wp:term":[{"taxonomy":"category","embeddable":true,"href":"https:\/\/www.ilmercoledi.news\/ilmercoledi\/news\/wp-json\/wp\/v2\/categories?post=52829"},{"taxonomy":"post_tag","embeddable":true,"href":"https:\/\/www.ilmercoledi.news\/ilmercoledi\/news\/wp-json\/wp\/v2\/tags?post=52829"},{"taxonomy":"news-destination","embeddable":true,"href":"https:\/\/www.ilmercoledi.news\/ilmercoledi\/news\/wp-json\/wp\/v2\/news-destination?post=52829"},{"taxonomy":"news-source","embeddable":true,"href":"https:\/\/www.ilmercoledi.news\/ilmercoledi\/news\/wp-json\/wp\/v2\/news-source?post=52829"},{"taxonomy":"is_homepage","embeddable":true,"href":"https:\/\/www.ilmercoledi.news\/ilmercoledi\/news\/wp-json\/wp\/v2\/is_homepage?post=52829"},{"taxonomy":"ta_other","embeddable":true,"href":"https:\/\/www.ilmercoledi.news\/ilmercoledi\/news\/wp-json\/wp\/v2\/ta_other?post=52829"}],"curies":[{"name":"wp","href":"https:\/\/api.w.org\/{rel}","templated":true}]}}