{"id":52840,"date":"2023-04-21T16:23:31","date_gmt":"2023-04-21T14:23:31","guid":{"rendered":"https:\/\/www-ilmercoledi-news-*.sitenm.com\/?p=52840"},"modified":"2024-08-29T03:42:13","modified_gmt":"2023-11-03T03:42:13","slug":"motori-manuel-mosella-pronto-per-il-due-valli","status":"publish","type":"post","link":"https:\/\/www.ilmercoledi.news\/2023\/04\/21\/motori-manuel-mosella-pronto-per-il-due-valli\/","title":{"rendered":"MOTORI &#8211; Manuel Mosella pronto per il Due Valli"},"content":{"rendered":"<p>Dopo il rinvio a data da destinarsi del Benacvs Rally che lo scorso marzo avrebbe dovuto dare il via alla Coppa di Zona Tre, l\u2019esordio stagionale per Manuel Sossella e del navigatore Gabriele Falzone \u00e8 slittato di un mese. Sar\u00e0 quindi l\u2019imminente Rally Due Valli, la gara al via della quale il portacolori del Rally Team New Turbomark si schiera, ritrovando il volante della Hyundai i20 Rally 2 messa a disposizione da Fri\u00f9lmotor.<\/p>\n<p>Dopo cinque mesi dall\u2019ultima gara disputata \u2013 il Citt\u00e0 di Schio dello scorso novembre \u2013 il pilota vicentino torna ad indossare tuta e casco per iniziare il programma che lo vedr\u00e0 puntare alla vittoria nella Terza Zona e, soprattutto, ottenere il \u201cpass\u201d per confrontarsi coi migliori piloti italiani alla finale di ottobre al Rally del Lazio.<\/p>\n<p>\u201cIl rinvio del Benacvs ha allungato il periodo di assenza dalle gare \u2013 dichiara Sossella \u2013 ma finalmente \u00e8 arrivato il momento di ritornare a concentrarci ed iniziare la stagione nel miglior modo possibile. Sar\u00e0 la prima volta per me al Rally Due Valli, gara blasonata e che anche quest\u2019anno presenta un elenco iscritti di grande pregio. Dovremo fare la gara sugli avversari della Coppa di Zona ma, ovviamente, sar\u00e0 importante anche il riscontro della nostra prestazione rispetto agli equipaggi che correranno per il Campionato Italiano Rally Asfalto. Ringrazio Fri\u00f9lmotor con la quale iniziamo una nuova stagione, Michelin Italia per la fornitura dei nuovi pneumatici, il presidente del Rally Team New Turbomark Beppe Zagami e, come di consueto, rivolgo una volta di pi\u00f9 la gratitudine ai miei sostenitori i quali, anche per il 2023 hanno garantito il necessario apporto per affrontare al meglio un nuovo ambizioso programma che cercheremo di onorare come nel nostro stile, dando il massimo fin dal primo metro di gara\u201d.<\/p>\n<p>Il 41\u00b0 Rally Due Valli si svolger\u00e0 tra venerd\u00ec 21 e sabato 22 aprile a Verona; dieci sono le prove speciali da disputare per un totale di 84,630 chilometri cronometrati sui 421 del percorso totale. La prima prova si correr\u00e0 nel tardo pomeriggio del venerd\u00ec, mentre le restanti tre da ripetersi pi\u00f9 volte, al sabato. Partenza da Veronafiere ed arrivo in Piazza Bra in centro a Verona.<\/p>\n","protected":false},"excerpt":{"rendered":"","protected":false},"author":10,"featured_media":52839,"comment_status":"open","ping_status":"closed","sticky":false,"template":"","format":"standard","meta":[],"categories":[10],"tags":[],"news-destination":[],"news-source":[],"is_homepage":[],"ta_other":[],"_links":{"self":[{"href":"https:\/\/www.ilmercoledi.news\/ilmercoledi\/news\/wp-json\/wp\/v2\/posts\/52840"}],"collection":[{"href":"https:\/\/www.ilmercoledi.news\/ilmercoledi\/news\/wp-json\/wp\/v2\/posts"}],"about":[{"href":"https:\/\/www.ilmercoledi.news\/ilmercoledi\/news\/wp-json\/wp\/v2\/types\/post"}],"author":[{"embeddable":true,"href":"https:\/\/www.ilmercoledi.news\/ilmercoledi\/news\/wp-json\/wp\/v2\/users\/10"}],"replies":[{"embeddable":true,"href":"https:\/\/www.ilmercoledi.news\/ilmercoledi\/news\/wp-json\/wp\/v2\/comments?post=52840"}],"version-history":[{"count":1,"href":"https:\/\/www.ilmercoledi.news\/ilmercoledi\/news\/wp-json\/wp\/v2\/posts\/52840\/revisions"}],"predecessor-version":[{"id":66755,"href":"https:\/\/www.ilmercoledi.news\/ilmercoledi\/news\/wp-json\/wp\/v2\/posts\/52840\/revisions\/66755"}],"wp:featuredmedia":[{"embeddable":true,"href":"https:\/\/www.ilmercoledi.news\/ilmercoledi\/news\/wp-json\/wp\/v2\/media\/52839"}],"wp:attachment":[{"href":"https:\/\/www.ilmercoledi.news\/ilmercoledi\/news\/wp-json\/wp\/v2\/media?parent=52840"}],"wp:term":[{"taxonomy":"category","embeddable":true,"href":"https:\/\/www.ilmercoledi.news\/ilmercoledi\/news\/wp-json\/wp\/v2\/categories?post=52840"},{"taxonomy":"post_tag","embeddable":true,"href":"https:\/\/www.ilmercoledi.news\/ilmercoledi\/news\/wp-json\/wp\/v2\/tags?post=52840"},{"taxonomy":"news-destination","embeddable":true,"href":"https:\/\/www.ilmercoledi.news\/ilmercoledi\/news\/wp-json\/wp\/v2\/news-destination?post=52840"},{"taxonomy":"news-source","embeddable":true,"href":"https:\/\/www.ilmercoledi.news\/ilmercoledi\/news\/wp-json\/wp\/v2\/news-source?post=52840"},{"taxonomy":"is_homepage","embeddable":true,"href":"https:\/\/www.ilmercoledi.news\/ilmercoledi\/news\/wp-json\/wp\/v2\/is_homepage?post=52840"},{"taxonomy":"ta_other","embeddable":true,"href":"https:\/\/www.ilmercoledi.news\/ilmercoledi\/news\/wp-json\/wp\/v2\/ta_other?post=52840"}],"curies":[{"name":"wp","href":"https:\/\/api.w.org\/{rel}","templated":true}]}}