{"id":52892,"date":"2023-04-24T14:50:04","date_gmt":"2023-04-24T12:50:04","guid":{"rendered":"https:\/\/www-ilmercoledi-news-*.sitenm.com\/?p=52892"},"modified":"2024-08-29T03:42:12","modified_gmt":"2023-11-03T03:42:12","slug":"asl-5-si-celebra-la-giornata-per-la-sicurezza-sul-lavoro-ma-ci-sono-ancora-troppi-infortuni","status":"publish","type":"post","link":"https:\/\/www.ilmercoledi.news\/2023\/04\/24\/asl-5-si-celebra-la-giornata-per-la-sicurezza-sul-lavoro-ma-ci-sono-ancora-troppi-infortuni\/","title":{"rendered":"ASL TO 5 &#8211; Si celebra la giornata per la sicurezza sul lavoro, ma ci sono ancora troppi infortuni"},"content":{"rendered":"<p>La Giornata mondiale per la sicurezza e la salute sul lavoro del 2023 sar\u00e0 celebrata il 28 aprile 2023 ed esplorer\u00e0 il tema di un ambiente di lavoro sicuro e sano come principio e diritto fondamentale sul lavoro.\u00a0Si stima che ogni giorno, 6.300 persone muoiano a causa di incidenti sul lavoro o malattie professionali \u2014 causando pi\u00f9 di 2,3 milioni di morti all\u2019anno. Gli incidenti che si verificano annualmente sul posto di lavoro sono 317 milioni, molti dei quali portano ad assenze prolungate dal lavoro per malattia. Il costo umano di queste tragedie quotidiane \u00e8 enorme e l\u2019onere economico causato dalle scarse pratiche di messa in sicurezza dei luoghi di lavoro \u00e8 stimato essere ogni anno nel 4 per cento del prodotto interno lordo mondiale.<\/p>\n<p><strong>ANDAMENTO DI INFORTUNI E MALATTIE PROFESSIONALI NEL TERRITORIO DELL\u2019ASL TO5<\/strong><\/p>\n<p>In base ai dati disponibili relativi agli infortuni nel territorio dell\u2019Asl TO5 (fonte dati INAIL anno 2021), \u00e8 possibile osservare una costante diminuzione in termini assoluti. Tali eventi sono infatti passati da circa 1.800 nel 2011 a poco pi\u00f9 di 1.250 nel 2021 con una flessione di circa il 30%. La diminuzione risulta maggiormente marcata per gli infortuni meno gravi (comportanti inabilit\u00e0 temporanea), che sono passati da 1.500 nel 2011 a poco pi\u00f9 di 1.000 nel 2021. Anche gli eventi comportanti inabilit\u00e0 permanente, che nel 2011 si attestavano a poco meno di 250 casi, sono progressivamente diminuiti fino al 2021 (171 casi).<\/p>\n<p>L\u2019ultimo anno osservato ha evidenziato una crescita degli infortuni mortali attestandosi a 4 casi.<\/p>\n<p>Nel 2020 si osserva un picco di infortuni registrati in occasione di lavoro, sul quale esercita l\u2019influenza il numero di infortuni occorsi nel gruppo Sanit\u00e0. Complessivamente gli infortuni dovuti al COVID-19 sono stati 1212 nel 2020 (circa il 58% del totale) e 196 nel 2021 (circa il 15% del totale).<\/p>\n<p>Per quanto concerne l\u2019andamento nei singoli gruppi ATECO, limitando l\u2019analisi a quelli maggiormente rappresentativi in termini occupazionali nel nostro territorio, \u00e8 possibile osservare una netta riduzione degli infortuni gravi nei seguenti gruppi: Commercio, Sanit\u00e0, Trasporto e magazzinaggio, Attivit\u00e0 Manifatturiere e Costruzioni (rispettivamente del 56%, 30%, 27%, 23% e 17%). Il settore che nel 2021 ha registrato il maggior numero di infortuni gravi \u00e8 quello delle Attivit\u00e0 Manifatturiere con 88 eventi (33% del totale), seguito dalle Costruzioni con 43 eventi (16% del totale) e da Trasporto e magazzinaggio e Commercio, rispettivamente con 40 e 24 eventi (15% e 9% del totale).<\/p>\n<p>Per quanto attiene alle malattie professionali \u00e8 possibile evidenziare, da un lato, una netta diminuzione nel tempo delle patologie denunciate e, dall\u2019altro, il riconoscimento da parte di INAIL solo di una parte minoritaria di queste. Per quanto riguarda il 2021, anno in cui delle 85 malattie professionali denunciate ne sarebbero state riconosciute solamente 20 da INAIL (poco pi\u00f9 del 23%), il dato fornito va letto come provvisorio in quanto molti casi denunciati potrebbero non essere stati ancora definiti positivamente o negativamente.<\/p>\n<p>In riferimento alle tipologie di malattie denunciate, spiccano le malattie dell\u2019apparato muscolo-scheletrico (41%) e le ipoacusie da rumore (22%), seguite dalle patologie tumorali (17%) e, a distanza, le malattie del sistema nervoso periferico (9%). Per quanto attiene le malattie professionali riconosciute da INAIL, si evidenziano, con una netta preponderanza, le malattie dell\u2019apparato muscolo-scheletrico (40%), seguite dalle malattie tumorali (30%) e dalle ipoacusie da rumore (25%); in ultimo si osservano le malattie del sistema nervoso periferico (5%).<\/p>\n<p>&nbsp;<\/p>\n<p>Nel corso del 2022 \u00e8 proseguito un progetto di promozione della salute in co-partnership tra l\u2019Asl TO5 ed un\u2019azienda del comparto edile sita nel Comune di Carmagnola, progetto gi\u00e0 avviato nel 2019 e che ha sub\u00ecto un rallentamento a causa dell\u2019emergenza Covid \u201cad ondate\u201d che ha caratterizzato gli anni 2020 e 2021. Si \u00e8 proceduto a testare la popolazione lavorativa aziendale in merito allo stato di salute del campione selezionato mediante la somministrazione di un questionario studiato ad hoc. In base ai risultati emersi, potranno essere messe a disposizione dei partecipanti varie opportunit\u00e0, concepite per facilitare il recupero di stili di vita corretti, favorendo nel contempo l\u2019abbandono di abitudini non salutari e rischiose per la salute, con particolare riferimento al fumo di tabacco e all\u2019alimentazione non corretta (incluso l\u2019eccessivo consumo di bevande alcoliche).<\/p>\n<p>Inoltre, in riferimento alla promozione della salute dei luoghi di lavoro, gli SPRESAL del quadrante di Torino della Regione Piemonte (Asl Citt\u00e0 di Torino, Asl TO3, Asl TO4, Asl TO5), in occasione della Settimana Europea per la sicurezza e la salute sul lavoro (43esima settimana dell\u2019anno), hanno invitato Enti Paritetici, Associazioni di Categoria dei Datori di Lavoro e OOSS all\u2019evento \u201cPresentazione della rete Whp Piemonte\u201d per illustrare, tra gli obiettivi e le azioni del Programma 3 del Piano Regionale della Prevenzione (PRP), il progetto, di prossimo avvio, della rete piemontese di promozione della salute nei luoghi di lavoro.<\/p>\n","protected":false},"excerpt":{"rendered":"","protected":false},"author":11,"featured_media":34165,"comment_status":"open","ping_status":"closed","sticky":false,"template":"","format":"standard","meta":[],"categories":[34],"tags":[],"news-destination":[],"news-source":[],"is_homepage":[581],"ta_other":[],"_links":{"self":[{"href":"https:\/\/www.ilmercoledi.news\/ilmercoledi\/news\/wp-json\/wp\/v2\/posts\/52892"}],"collection":[{"href":"https:\/\/www.ilmercoledi.news\/ilmercoledi\/news\/wp-json\/wp\/v2\/posts"}],"about":[{"href":"https:\/\/www.ilmercoledi.news\/ilmercoledi\/news\/wp-json\/wp\/v2\/types\/post"}],"author":[{"embeddable":true,"href":"https:\/\/www.ilmercoledi.news\/ilmercoledi\/news\/wp-json\/wp\/v2\/users\/11"}],"replies":[{"embeddable":true,"href":"https:\/\/www.ilmercoledi.news\/ilmercoledi\/news\/wp-json\/wp\/v2\/comments?post=52892"}],"version-history":[{"count":1,"href":"https:\/\/www.ilmercoledi.news\/ilmercoledi\/news\/wp-json\/wp\/v2\/posts\/52892\/revisions"}],"predecessor-version":[{"id":52898,"href":"https:\/\/www.ilmercoledi.news\/ilmercoledi\/news\/wp-json\/wp\/v2\/posts\/52892\/revisions\/52898"}],"wp:featuredmedia":[{"embeddable":true,"href":"https:\/\/www.ilmercoledi.news\/ilmercoledi\/news\/wp-json\/wp\/v2\/media\/34165"}],"wp:attachment":[{"href":"https:\/\/www.ilmercoledi.news\/ilmercoledi\/news\/wp-json\/wp\/v2\/media?parent=52892"}],"wp:term":[{"taxonomy":"category","embeddable":true,"href":"https:\/\/www.ilmercoledi.news\/ilmercoledi\/news\/wp-json\/wp\/v2\/categories?post=52892"},{"taxonomy":"post_tag","embeddable":true,"href":"https:\/\/www.ilmercoledi.news\/ilmercoledi\/news\/wp-json\/wp\/v2\/tags?post=52892"},{"taxonomy":"news-destination","embeddable":true,"href":"https:\/\/www.ilmercoledi.news\/ilmercoledi\/news\/wp-json\/wp\/v2\/news-destination?post=52892"},{"taxonomy":"news-source","embeddable":true,"href":"https:\/\/www.ilmercoledi.news\/ilmercoledi\/news\/wp-json\/wp\/v2\/news-source?post=52892"},{"taxonomy":"is_homepage","embeddable":true,"href":"https:\/\/www.ilmercoledi.news\/ilmercoledi\/news\/wp-json\/wp\/v2\/is_homepage?post=52892"},{"taxonomy":"ta_other","embeddable":true,"href":"https:\/\/www.ilmercoledi.news\/ilmercoledi\/news\/wp-json\/wp\/v2\/ta_other?post=52892"}],"curies":[{"name":"wp","href":"https:\/\/api.w.org\/{rel}","templated":true}]}}