{"id":52925,"date":"2023-04-25T15:25:24","date_gmt":"2023-04-25T13:25:24","guid":{"rendered":"https:\/\/www-ilmercoledi-news-*.sitenm.com\/?p=52925"},"modified":"2024-08-29T03:42:12","modified_gmt":"2023-11-03T03:42:12","slug":"il-sindaco-montagna-il-25-aprile-e-lantifascismo","status":"publish","type":"post","link":"https:\/\/www.ilmercoledi.news\/2023\/04\/25\/il-sindaco-montagna-il-25-aprile-e-lantifascismo\/","title":{"rendered":"Il Sindaco Montagna, il 25 Aprile e l&#8217;antifascismo"},"content":{"rendered":"<p>Si \u00e8 svolta in piazza Vittorio Emanuele questa mattina la celebrazione del 25 Aprile, in cui il sindaco Paolo Montagna ha ripreso le polemiche di questi giorni, lodato ed applaudito il Presidente della Repubblica Sergio Mattarella e legato indissolutamente la festa della Liberazione all&#8217;antifascismo.<\/p>\n<p>Questo il suo discorso:<\/p>\n<p>&nbsp;<\/p>\n<p>Care concittadine, Cari concittadini,<\/p>\n<p>autorit\u00e0 religiose, militari, civili,<\/p>\n<p>celebriamo oggi il 78\u00b0 anniversario della Liberazione dal nazi-fascismo.<\/p>\n<p>Ricordiamo il tributo generoso di donne e di uomini della Resistenza che col sangue e con il coraggio regalarono pace e libert\u00e0 all\u2019Italia e alle generazioni future.<\/p>\n<p>Vi confesso che ogni anno che passa sento dentro di me la necessit\u00e0 di fare uno sforzo in pi\u00f9 per fare memoria e fare impegno. Perch\u00e9 con il tempo che scorre, sono sempre di meno i protagonisti della Resistenza, i nostri partigiani, a poter raccontare in prima persona ci\u00f2 che accadde.<\/p>\n<p>Se come diceva Calamandrei, la libert\u00e0 \u00e8 come l\u2019aria, che ci si accorge \u00a0di quanto vale solo quando inizia a mancare,\u00a0 noi che abbiamo avuto la fortuna di nascere\u00a0 liberi abbiamo il compito di non dimenticare mai che c\u2019\u00e8 stato un momento nella storia della nostra Italia nel quale la libert\u00e0 era calpestata, e insieme a essa tutti i diritti.<\/p>\n<p>Ecco perch\u00e9 siamo orgogliosi di aver creato una iniziativa che ci consente di adempiere al nostro compito di testimonianza e impegno: si chiama Aspettando il 25 aprile e coinvolge gli studenti delle nostre scuole, dopo ne parleremo.<\/p>\n<p>Quanta distanza tra i volti dei nostri bambini e ragazzi, i loro occhi, la loro capacit\u00e0 di comprendere e di emozionarsi, di raccontare e di confrontarsi, con lo spettacolo indecoroso a cui abbiamo assistito non solo nei giorni scorsi, ma nelle scorse settimane.<\/p>\n<p>Perch\u00e8 non vi sar\u00e0 sfuggito, ci\u00a0 avviciniamo a questa data in un clima di polemiche, di divisioni. Un clima indegno per la nostra storia e preoccupante per il nostro futuro.<\/p>\n<p>Ecco perch\u00e9 \u00e8 bene. in una giornata come questa, ricordare e rinnovare l\u2019impegno.<\/p>\n<p>Oggi festeggiamo l\u2019Italia Libera, rendiamo onore al sacrificio di donne e di uomini che scelsero di ribellarsi all\u2019invasore. Erano semplicemente Italiani, certo, ma erano soprattutto Italiani antifascisti. Perch\u00e9 non possiamo dimenticare che ci furono italiani che invece scelsero l\u2019invasore e che si misero a sua disposizione.<\/p>\n<p>Lo ha spiegato bene Vittorio Foa, un gigante della nostra storia, tra i padri fondatori della Repubblica. Lui che la sua giovent\u00f9 l\u2019ha trascorsa nelle carceri fasciste. \u00a0Racconta un giorno di una trasmissione televisiva, siamo gi\u00e0 almeno negli anni 60, in cui dibatte col senatore Giorgio Pisan\u00f2, che in giovent\u00f9 aveva aderito alla Repubblica Sociale Italiana. \u201cIl senatore faceva dei grandi discorsi di pacificazione \u2013 racconta Foa \u2013 Diceva che in fondo eravamo tutti patrioti, che ognuno di noi aveva la patria nel suo cuor e via cos\u00ec\u2026\u201d<\/p>\n<p>Foa \u00a0lo interruppe: \u201cUn momento. Se si parla di morti, va bene. I morti sono morti: rispettiamoli tutti. Ma se si parla di quando erano vivi, erano diversi. Se aveste vinto voi, io sarei ancora in prigione. Siccome abbiamo vinto noi, tu sei senatore\u201d.<\/p>\n<p>Ecco. Questa \u00e8 la differenza tra fascismo e antifascismo. Tra la dittatura che per 20 anni ci ha tolto la libert\u00e0 \u00a0e la democrazia che affonda le sue radici nelle parole e nei valori della nostra Costituzione nata dalla Resistenza. I morti vanno rispettati, ma quando erano vivi c\u2019era chi era dalla parte sbagliata e chi era dalla parte giusta.<\/p>\n<p>Per questo, quando parliamo dell\u2019eccidio delle Fosse Ardeatine, non possiamo sostenere come \u00e8 stato fatto che quelle 335 persone morirono perch\u00e9 italiane. Furono uccisi uomini e donne perch\u00e9 antifascisti, resistenti, ebrei e nell\u2019Italia di quegli anni non era la stessa cosa.\u00a0 E neppure, \u00a0come abbiamo visto in qualche manifesto istituzionale, non si pu\u00f2 parlare genericamente di 25 aprile come la giornata contro le ideologie totalitarie.<\/p>\n<p>&nbsp;<\/p>\n<p>Il 25 aprile \u00e8 la Festa della Liberazione dell\u2019Italia dal nazifascismo. Non possono esserci distinzioni, allusioni, distinguo. \u00c8 necessario \u00a0rispettare la verit\u00e0!<\/p>\n<p>&nbsp;<\/p>\n<p>Guardate, mettere in discussione una giornata come quella di oggi non \u00e8 soltanto riscrivere la storia. Significa mettere in discussione le fondamenta della nostra Italia, della nostra Repubblica. \u00a0La Costituzione \u00e8 antifascista, perch\u00e9 \u00e8 fondata sui quei diritti che il fascismo aveva cancellato.<\/p>\n<p>&nbsp;<\/p>\n<p>Per essere davvero costruttori di futuro dobbiamo partire proprio \u00a0dai diritti che ci sono nella Costituzione. \u00a0Ecco perch\u00e9 oggi non c\u2019\u00e8 spazio per le divisioni, oggi \u00e8 la festa di tutti gli italiani. Abbiamo illuminato i nostri simboli, il Castello e Porta Navina, con il Tricolore, la bandiera del popolo italiano. \u00a0E lo dico come quel manifesto di Arci, strappato nei giorni scorsi da chi evidentemente sente che ci sia spazio disponibile all\u2019oltraggio. Il 25 aprile \u00e8 divisivo, solo se sei fascista!<\/p>\n<p>Di fronte a tutto questo assume ancora pi\u00f9 importanza la scelta del nostro Presidente della Repubblica, che oggi sar\u00e0 in Piemonte, nei luoghi simbolo della Resistenza. Sergio Mattarella, ci ha ricordato, che il \u00a0&#8220;Il 25 aprile rappresenta uno spartiacque imprescindibile nella nostra storia nazionale;\u00a0 \u00e8 patrimonio di tutta l&#8217;Italia, \u00e8 la ricorrenza in cui si celebrano valori condivisi dall&#8217;intero Paese&#8221;<\/p>\n<p>W Moncalieri, W la Liberazione, W il 25 Aprile!<\/p>\n<p>Il Sindaco Paolo Montagna<\/p>\n","protected":false},"excerpt":{"rendered":"","protected":false},"author":7,"featured_media":52924,"comment_status":"open","ping_status":"closed","sticky":false,"template":"","format":"standard","meta":[],"categories":[34],"tags":[651,653,654,655],"news-destination":[],"news-source":[],"is_homepage":[581],"ta_other":[],"_links":{"self":[{"href":"https:\/\/www.ilmercoledi.news\/ilmercoledi\/news\/wp-json\/wp\/v2\/posts\/52925"}],"collection":[{"href":"https:\/\/www.ilmercoledi.news\/ilmercoledi\/news\/wp-json\/wp\/v2\/posts"}],"about":[{"href":"https:\/\/www.ilmercoledi.news\/ilmercoledi\/news\/wp-json\/wp\/v2\/types\/post"}],"author":[{"embeddable":true,"href":"https:\/\/www.ilmercoledi.news\/ilmercoledi\/news\/wp-json\/wp\/v2\/users\/7"}],"replies":[{"embeddable":true,"href":"https:\/\/www.ilmercoledi.news\/ilmercoledi\/news\/wp-json\/wp\/v2\/comments?post=52925"}],"version-history":[{"count":1,"href":"https:\/\/www.ilmercoledi.news\/ilmercoledi\/news\/wp-json\/wp\/v2\/posts\/52925\/revisions"}],"predecessor-version":[{"id":52932,"href":"https:\/\/www.ilmercoledi.news\/ilmercoledi\/news\/wp-json\/wp\/v2\/posts\/52925\/revisions\/52932"}],"wp:featuredmedia":[{"embeddable":true,"href":"https:\/\/www.ilmercoledi.news\/ilmercoledi\/news\/wp-json\/wp\/v2\/media\/52924"}],"wp:attachment":[{"href":"https:\/\/www.ilmercoledi.news\/ilmercoledi\/news\/wp-json\/wp\/v2\/media?parent=52925"}],"wp:term":[{"taxonomy":"category","embeddable":true,"href":"https:\/\/www.ilmercoledi.news\/ilmercoledi\/news\/wp-json\/wp\/v2\/categories?post=52925"},{"taxonomy":"post_tag","embeddable":true,"href":"https:\/\/www.ilmercoledi.news\/ilmercoledi\/news\/wp-json\/wp\/v2\/tags?post=52925"},{"taxonomy":"news-destination","embeddable":true,"href":"https:\/\/www.ilmercoledi.news\/ilmercoledi\/news\/wp-json\/wp\/v2\/news-destination?post=52925"},{"taxonomy":"news-source","embeddable":true,"href":"https:\/\/www.ilmercoledi.news\/ilmercoledi\/news\/wp-json\/wp\/v2\/news-source?post=52925"},{"taxonomy":"is_homepage","embeddable":true,"href":"https:\/\/www.ilmercoledi.news\/ilmercoledi\/news\/wp-json\/wp\/v2\/is_homepage?post=52925"},{"taxonomy":"ta_other","embeddable":true,"href":"https:\/\/www.ilmercoledi.news\/ilmercoledi\/news\/wp-json\/wp\/v2\/ta_other?post=52925"}],"curies":[{"name":"wp","href":"https:\/\/api.w.org\/{rel}","templated":true}]}}