{"id":52959,"date":"2023-04-27T06:52:05","date_gmt":"2023-04-27T04:52:05","guid":{"rendered":"https:\/\/www-ilmercoledi-news-*.sitenm.com\/?p=52959"},"modified":"2024-08-29T03:42:11","modified_gmt":"2023-11-03T03:42:11","slug":"carmagnola-eletto-il-nuovo-direttivo-del-circolo-legambiente-il-platano","status":"publish","type":"post","link":"https:\/\/www.ilmercoledi.news\/2023\/04\/27\/carmagnola-eletto-il-nuovo-direttivo-del-circolo-legambiente-il-platano\/","title":{"rendered":"CARMAGNOLA &#8211; Eletto il nuovo direttivo del circolo Legambiente &#8216;Il Platano&#8217;"},"content":{"rendered":"<p align=\"JUSTIFY\">Luned\u00ec 17 aprile, presso il Museo Civico di Storia Naturale di Carmagnola, il Circolo di Legambiente \u201cIl Platano\u201d ha aperto una nuova stagione, eleggendo il proprio direttivo. Ecco i nomi: Alberto Tamietti e Jury Ferretto (vicepresidenti), Camilla Ariano, Matteo Bo, Arianna Bon, Francesco Boggio, Elena Dealessandri (tesoriere), Miriam Eandi (segretario), Luca Rinaldi, Lucetta Scatena. Valentina Chiabrando \u00e8 stata riconfermata presidente.<\/p>\n<p align=\"JUSTIFY\">Il Circolo, attivo sull\u2019area Carignano-Carmagnola, \u00e8 un gruppo eterogeneo, dove sono rappresentate generazioni diverse che hanno in comune la voglia di progettare, informare, muoversi, inventare intorno a obiettivi comuni: la tutela dell\u2019ambiente in tutte le sue forme e la qualit\u00e0 della vita, in una prospettiva di societ\u00e0 pi\u00f9 equa, giusta e solidale, nello stile proprio di questa associazione che da 40 anni opera su tutto il territorio nazionale.<\/p>\n<p align=\"JUSTIFY\">Questo rinnovo del direttivo \u00e8 stato un momento di partecipazione attiva che ha rappresentato un trampolino di lancio per gli impegni futuri sul territorio. Saranno organizzati eventi e iniziative aperti a tutti per far conoscere le bellezze e le peculiarit\u00e0 del nostro territorio. Si partir\u00e0 a maggio con l\u2019installazione dei nuovi pannelli informativi nel Bosco della Citt\u00e0 a Carignano, con la possibilit\u00e0 di una passeggiata guidata all\u2019interno di questa ricchissima area verde. Il 16 giugno \u00e8 in programma il tradizionale appuntamento con la Serata delle Lucciole nel Bosco del Gerbasso.<\/p>\n<p align=\"JUSTIFY\">Seguiranno eventi gastronomici, culturali, informativi e artistici. Una serie di esperienze in vari ambiti, per aiutarci a ricordare che la passione e la cura dell\u2019ambiente non viaggiano da sole, ma si concretizzano attraverso uno stile di vita che coinvolge tutte le nostre scelte quotidiane.<\/p>\n<p align=\"JUSTIFY\">\u00c8 possibile seguire le attivit\u00e0 del Circolo su Instagram e comunicare scrivendo a: ilplatano.legambiente@gmail.com<\/p>\n","protected":false},"excerpt":{"rendered":"","protected":false},"author":11,"featured_media":10909,"comment_status":"open","ping_status":"closed","sticky":false,"template":"","format":"standard","meta":[],"categories":[34],"tags":[],"news-destination":[],"news-source":[],"is_homepage":[581],"ta_other":[],"_links":{"self":[{"href":"https:\/\/www.ilmercoledi.news\/ilmercoledi\/news\/wp-json\/wp\/v2\/posts\/52959"}],"collection":[{"href":"https:\/\/www.ilmercoledi.news\/ilmercoledi\/news\/wp-json\/wp\/v2\/posts"}],"about":[{"href":"https:\/\/www.ilmercoledi.news\/ilmercoledi\/news\/wp-json\/wp\/v2\/types\/post"}],"author":[{"embeddable":true,"href":"https:\/\/www.ilmercoledi.news\/ilmercoledi\/news\/wp-json\/wp\/v2\/users\/11"}],"replies":[{"embeddable":true,"href":"https:\/\/www.ilmercoledi.news\/ilmercoledi\/news\/wp-json\/wp\/v2\/comments?post=52959"}],"version-history":[{"count":1,"href":"https:\/\/www.ilmercoledi.news\/ilmercoledi\/news\/wp-json\/wp\/v2\/posts\/52959\/revisions"}],"predecessor-version":[{"id":52963,"href":"https:\/\/www.ilmercoledi.news\/ilmercoledi\/news\/wp-json\/wp\/v2\/posts\/52959\/revisions\/52963"}],"wp:featuredmedia":[{"embeddable":true,"href":"https:\/\/www.ilmercoledi.news\/ilmercoledi\/news\/wp-json\/wp\/v2\/media\/10909"}],"wp:attachment":[{"href":"https:\/\/www.ilmercoledi.news\/ilmercoledi\/news\/wp-json\/wp\/v2\/media?parent=52959"}],"wp:term":[{"taxonomy":"category","embeddable":true,"href":"https:\/\/www.ilmercoledi.news\/ilmercoledi\/news\/wp-json\/wp\/v2\/categories?post=52959"},{"taxonomy":"post_tag","embeddable":true,"href":"https:\/\/www.ilmercoledi.news\/ilmercoledi\/news\/wp-json\/wp\/v2\/tags?post=52959"},{"taxonomy":"news-destination","embeddable":true,"href":"https:\/\/www.ilmercoledi.news\/ilmercoledi\/news\/wp-json\/wp\/v2\/news-destination?post=52959"},{"taxonomy":"news-source","embeddable":true,"href":"https:\/\/www.ilmercoledi.news\/ilmercoledi\/news\/wp-json\/wp\/v2\/news-source?post=52959"},{"taxonomy":"is_homepage","embeddable":true,"href":"https:\/\/www.ilmercoledi.news\/ilmercoledi\/news\/wp-json\/wp\/v2\/is_homepage?post=52959"},{"taxonomy":"ta_other","embeddable":true,"href":"https:\/\/www.ilmercoledi.news\/ilmercoledi\/news\/wp-json\/wp\/v2\/ta_other?post=52959"}],"curies":[{"name":"wp","href":"https:\/\/api.w.org\/{rel}","templated":true}]}}