{"id":5297,"date":"2018-04-26T08:21:38","date_gmt":"2018-04-26T06:21:38","guid":{"rendered":"http:\/\/euwps02.tecnavia.com\/ilmercoledi\/news\/?p=5297"},"modified":"2018-04-26T08:21:40","modified_gmt":"2018-04-26T06:21:40","slug":"poirino-si-impara-suonare-la-batteria-al-circolo-senza-pensieri","status":"publish","type":"post","link":"https:\/\/www.ilmercoledi.news\/2018\/04\/26\/poirino-si-impara-suonare-la-batteria-al-circolo-senza-pensieri\/","title":{"rendered":"POIRINO &#8211; Si impara a suonare la batteria al Circolo Senza Pensieri"},"content":{"rendered":"<p>Al &#8220;Circolo senza pensieri&#8221; di via Burzio a Poirino si impara a suonare la batteria. Il corso avr\u00e0 inizio venerd\u00ec 27 aprile alle ore 16.30 presso i locali del circolo: per informazioni e iscrizioni, si pu\u00f2 contattare Sergio Cherubin al numero di telefono: 3402626985. ll costo \u00e8 di 50 euro al mese e durer\u00e0 fino a fine giugno con un impegno di un giorno a settimana, di regola il venerd\u00ec. In alternativa ci si pu\u00f2 presentare al &#8220;Circolo senza Pensieri&#8221;, direttamente venerd\u00ec 27 aprile alle 16.30<\/p>\n","protected":false},"excerpt":{"rendered":"","protected":false},"author":11,"featured_media":5298,"comment_status":"open","ping_status":"closed","sticky":false,"template":"","format":"standard","meta":[],"categories":[34],"tags":[],"news-destination":[],"news-source":[],"is_homepage":[],"ta_other":[],"_links":{"self":[{"href":"https:\/\/www.ilmercoledi.news\/ilmercoledi\/news\/wp-json\/wp\/v2\/posts\/5297"}],"collection":[{"href":"https:\/\/www.ilmercoledi.news\/ilmercoledi\/news\/wp-json\/wp\/v2\/posts"}],"about":[{"href":"https:\/\/www.ilmercoledi.news\/ilmercoledi\/news\/wp-json\/wp\/v2\/types\/post"}],"author":[{"embeddable":true,"href":"https:\/\/www.ilmercoledi.news\/ilmercoledi\/news\/wp-json\/wp\/v2\/users\/11"}],"replies":[{"embeddable":true,"href":"https:\/\/www.ilmercoledi.news\/ilmercoledi\/news\/wp-json\/wp\/v2\/comments?post=5297"}],"version-history":[{"count":1,"href":"https:\/\/www.ilmercoledi.news\/ilmercoledi\/news\/wp-json\/wp\/v2\/posts\/5297\/revisions"}],"predecessor-version":[{"id":5299,"href":"https:\/\/www.ilmercoledi.news\/ilmercoledi\/news\/wp-json\/wp\/v2\/posts\/5297\/revisions\/5299"}],"wp:featuredmedia":[{"embeddable":true,"href":"https:\/\/www.ilmercoledi.news\/ilmercoledi\/news\/wp-json\/wp\/v2\/media\/5298"}],"wp:attachment":[{"href":"https:\/\/www.ilmercoledi.news\/ilmercoledi\/news\/wp-json\/wp\/v2\/media?parent=5297"}],"wp:term":[{"taxonomy":"category","embeddable":true,"href":"https:\/\/www.ilmercoledi.news\/ilmercoledi\/news\/wp-json\/wp\/v2\/categories?post=5297"},{"taxonomy":"post_tag","embeddable":true,"href":"https:\/\/www.ilmercoledi.news\/ilmercoledi\/news\/wp-json\/wp\/v2\/tags?post=5297"},{"taxonomy":"news-destination","embeddable":true,"href":"https:\/\/www.ilmercoledi.news\/ilmercoledi\/news\/wp-json\/wp\/v2\/news-destination?post=5297"},{"taxonomy":"news-source","embeddable":true,"href":"https:\/\/www.ilmercoledi.news\/ilmercoledi\/news\/wp-json\/wp\/v2\/news-source?post=5297"},{"taxonomy":"is_homepage","embeddable":true,"href":"https:\/\/www.ilmercoledi.news\/ilmercoledi\/news\/wp-json\/wp\/v2\/is_homepage?post=5297"},{"taxonomy":"ta_other","embeddable":true,"href":"https:\/\/www.ilmercoledi.news\/ilmercoledi\/news\/wp-json\/wp\/v2\/ta_other?post=5297"}],"curies":[{"name":"wp","href":"https:\/\/api.w.org\/{rel}","templated":true}]}}