{"id":53044,"date":"2023-05-03T07:02:21","date_gmt":"2023-05-03T05:02:21","guid":{"rendered":"https:\/\/www-ilmercoledi-news-*.sitenm.com\/?p=53044"},"modified":"2024-08-29T03:42:11","modified_gmt":"2023-11-03T03:42:11","slug":"nichelino-incidente-davanti-al-superga-feriti-non-gravi","status":"publish","type":"post","link":"https:\/\/www.ilmercoledi.news\/2023\/05\/03\/nichelino-incidente-davanti-al-superga-feriti-non-gravi\/","title":{"rendered":"NICHELINO &#8211; Incidente davanti al Superga: feriti non gravi"},"content":{"rendered":"<p>Incidente nella giornata di ieri a Nichelino, davanti al teatro Superga, in cui \u00e8 rimasto coinvolto un motorino. Lo scontro \u00e8 avvenuto attorno alle 17.30 tra il mezzo a due ruote ed un altro veicolo. Probabilmente il tutto \u00e8 scaturito da una mancata precedenza. Sta di fatto che sul posto \u00e8 arrivata anche l&#8217;ambulanza per soccorrere la persona in sella al mezzo due ruote, che \u00e8 stata portata in ospedale fortunatamente in condizioni non gravi.<\/p>\n","protected":false},"excerpt":{"rendered":"","protected":false},"author":11,"featured_media":34165,"comment_status":"open","ping_status":"closed","sticky":false,"template":"","format":"standard","meta":[],"categories":[34],"tags":[],"news-destination":[],"news-source":[],"is_homepage":[581],"ta_other":[],"_links":{"self":[{"href":"https:\/\/www.ilmercoledi.news\/ilmercoledi\/news\/wp-json\/wp\/v2\/posts\/53044"}],"collection":[{"href":"https:\/\/www.ilmercoledi.news\/ilmercoledi\/news\/wp-json\/wp\/v2\/posts"}],"about":[{"href":"https:\/\/www.ilmercoledi.news\/ilmercoledi\/news\/wp-json\/wp\/v2\/types\/post"}],"author":[{"embeddable":true,"href":"https:\/\/www.ilmercoledi.news\/ilmercoledi\/news\/wp-json\/wp\/v2\/users\/11"}],"replies":[{"embeddable":true,"href":"https:\/\/www.ilmercoledi.news\/ilmercoledi\/news\/wp-json\/wp\/v2\/comments?post=53044"}],"version-history":[{"count":1,"href":"https:\/\/www.ilmercoledi.news\/ilmercoledi\/news\/wp-json\/wp\/v2\/posts\/53044\/revisions"}],"predecessor-version":[{"id":66565,"href":"https:\/\/www.ilmercoledi.news\/ilmercoledi\/news\/wp-json\/wp\/v2\/posts\/53044\/revisions\/66565"}],"wp:featuredmedia":[{"embeddable":true,"href":"https:\/\/www.ilmercoledi.news\/ilmercoledi\/news\/wp-json\/wp\/v2\/media\/34165"}],"wp:attachment":[{"href":"https:\/\/www.ilmercoledi.news\/ilmercoledi\/news\/wp-json\/wp\/v2\/media?parent=53044"}],"wp:term":[{"taxonomy":"category","embeddable":true,"href":"https:\/\/www.ilmercoledi.news\/ilmercoledi\/news\/wp-json\/wp\/v2\/categories?post=53044"},{"taxonomy":"post_tag","embeddable":true,"href":"https:\/\/www.ilmercoledi.news\/ilmercoledi\/news\/wp-json\/wp\/v2\/tags?post=53044"},{"taxonomy":"news-destination","embeddable":true,"href":"https:\/\/www.ilmercoledi.news\/ilmercoledi\/news\/wp-json\/wp\/v2\/news-destination?post=53044"},{"taxonomy":"news-source","embeddable":true,"href":"https:\/\/www.ilmercoledi.news\/ilmercoledi\/news\/wp-json\/wp\/v2\/news-source?post=53044"},{"taxonomy":"is_homepage","embeddable":true,"href":"https:\/\/www.ilmercoledi.news\/ilmercoledi\/news\/wp-json\/wp\/v2\/is_homepage?post=53044"},{"taxonomy":"ta_other","embeddable":true,"href":"https:\/\/www.ilmercoledi.news\/ilmercoledi\/news\/wp-json\/wp\/v2\/ta_other?post=53044"}],"curies":[{"name":"wp","href":"https:\/\/api.w.org\/{rel}","templated":true}]}}