{"id":53052,"date":"2023-05-03T07:16:34","date_gmt":"2023-05-03T05:16:34","guid":{"rendered":"https:\/\/www-ilmercoledi-news-*.sitenm.com\/?p=53052"},"modified":"2024-08-29T03:42:11","modified_gmt":"2023-11-03T03:42:11","slug":"moncalieri-scontro-sulla-sopraelevata-ferito-un-motociclista","status":"publish","type":"post","link":"https:\/\/www.ilmercoledi.news\/2023\/05\/03\/moncalieri-scontro-sulla-sopraelevata-ferito-un-motociclista\/","title":{"rendered":"MONCALIERI &#8211; Scontro sulla sopraelevata: ferito un motociclista"},"content":{"rendered":"<p>Incidente intorno alle 17 di ieri sulla sopraelevata di Moncalieri, in direzione Savona, che ha coinvolto un furgone di consegna mobilio e una motocicletta. Ad avere la peggio \u00e8 stato il motociclista, scivolato per un po\u2019 di metri sull\u2019asfalto. Soccorso dall&#8217;ambulanza, \u00e8 stato trasportato in codice giallo al Cto. Non sarebbe in pericolo di vita, ma l&#8217;urto \u00e8 lo sbalzo \u00e8 stato molto duro. La dinamica dello scontro \u00e8 al vaglio della polizia stradale.<\/p>\n","protected":false},"excerpt":{"rendered":"","protected":false},"author":11,"featured_media":53051,"comment_status":"open","ping_status":"closed","sticky":false,"template":"","format":"standard","meta":[],"categories":[34],"tags":[],"news-destination":[],"news-source":[],"is_homepage":[581],"ta_other":[],"_links":{"self":[{"href":"https:\/\/www.ilmercoledi.news\/ilmercoledi\/news\/wp-json\/wp\/v2\/posts\/53052"}],"collection":[{"href":"https:\/\/www.ilmercoledi.news\/ilmercoledi\/news\/wp-json\/wp\/v2\/posts"}],"about":[{"href":"https:\/\/www.ilmercoledi.news\/ilmercoledi\/news\/wp-json\/wp\/v2\/types\/post"}],"author":[{"embeddable":true,"href":"https:\/\/www.ilmercoledi.news\/ilmercoledi\/news\/wp-json\/wp\/v2\/users\/11"}],"replies":[{"embeddable":true,"href":"https:\/\/www.ilmercoledi.news\/ilmercoledi\/news\/wp-json\/wp\/v2\/comments?post=53052"}],"version-history":[{"count":1,"href":"https:\/\/www.ilmercoledi.news\/ilmercoledi\/news\/wp-json\/wp\/v2\/posts\/53052\/revisions"}],"predecessor-version":[{"id":66570,"href":"https:\/\/www.ilmercoledi.news\/ilmercoledi\/news\/wp-json\/wp\/v2\/posts\/53052\/revisions\/66570"}],"wp:featuredmedia":[{"embeddable":true,"href":"https:\/\/www.ilmercoledi.news\/ilmercoledi\/news\/wp-json\/wp\/v2\/media\/53051"}],"wp:attachment":[{"href":"https:\/\/www.ilmercoledi.news\/ilmercoledi\/news\/wp-json\/wp\/v2\/media?parent=53052"}],"wp:term":[{"taxonomy":"category","embeddable":true,"href":"https:\/\/www.ilmercoledi.news\/ilmercoledi\/news\/wp-json\/wp\/v2\/categories?post=53052"},{"taxonomy":"post_tag","embeddable":true,"href":"https:\/\/www.ilmercoledi.news\/ilmercoledi\/news\/wp-json\/wp\/v2\/tags?post=53052"},{"taxonomy":"news-destination","embeddable":true,"href":"https:\/\/www.ilmercoledi.news\/ilmercoledi\/news\/wp-json\/wp\/v2\/news-destination?post=53052"},{"taxonomy":"news-source","embeddable":true,"href":"https:\/\/www.ilmercoledi.news\/ilmercoledi\/news\/wp-json\/wp\/v2\/news-source?post=53052"},{"taxonomy":"is_homepage","embeddable":true,"href":"https:\/\/www.ilmercoledi.news\/ilmercoledi\/news\/wp-json\/wp\/v2\/is_homepage?post=53052"},{"taxonomy":"ta_other","embeddable":true,"href":"https:\/\/www.ilmercoledi.news\/ilmercoledi\/news\/wp-json\/wp\/v2\/ta_other?post=53052"}],"curies":[{"name":"wp","href":"https:\/\/api.w.org\/{rel}","templated":true}]}}