{"id":53060,"date":"2023-05-03T14:56:53","date_gmt":"2023-05-03T12:56:53","guid":{"rendered":"https:\/\/www-ilmercoledi-news-*.sitenm.com\/?p=53060"},"modified":"2024-08-29T03:42:11","modified_gmt":"2023-11-03T03:42:11","slug":"asl-5-un-mese-ricco-di-opportunita-per-promuovere-insieme-lattivita-fisica-e-il-benessere","status":"publish","type":"post","link":"https:\/\/www.ilmercoledi.news\/2023\/05\/03\/asl-5-un-mese-ricco-di-opportunita-per-promuovere-insieme-lattivita-fisica-e-il-benessere\/","title":{"rendered":"ASL TO 5 &#8211; Un mese ricco di opportunit\u00e0 per promuovere insieme l\u2019attivit\u00e0 fisica e il benessere"},"content":{"rendered":"<p lang=\"en-US\" align=\"JUSTIFY\">Il mese di maggio sar\u00e0 all\u2019insegna della prevenzione e del benessere grazie a diverse iniziative che l\u2019AslTO5 sostiene e favorisce; proseguendo nell\u2019impegno per la promozione dell\u2019attivit\u00e0 fisica, che ha visto in aprile la giornata celebrativa, nel mese di maggio ulteriori iniziative saranno rivolte alla cultura dell\u2019active living (vivere in modo attivo).<\/p>\n<p lang=\"it-IT\" align=\"JUSTIFY\">In un\u2019ottica di sinergia e collaborazione tra diversi diversi soggetti, (Comuni, Istituzioni, Associazioni e Terzo Settore) indichiamo alcuni appuntamenti strutturati per le persone che vogliono aderire:<\/p>\n<ul>\n<li>\n<p lang=\"en-US\" align=\"JUSTIFY\">Sabato 6 maggio a Chieri presso il Palazzetto dello Sport di S. Silvestro (dalle 09:45 alle 12:30 e dalle 16 alle 19:30: La giornata del benessere (seconda edizione)<\/p>\n<\/li>\n<li>\n<p lang=\"it-IT\">Luned\u00ec 8 Maggio a Moncalieri nella Sala Conferenze della Cascina Le Vallere in Corso Trieste 98, alle ore 17:45: Meglio giocare nel parco<\/p>\n<\/li>\n<li>\n<p lang=\"it-IT\">Mercoled\u00ec 10 Maggio a Chieri in Sala Conceria, Via Conceria 1, dalle ore 17 alle 19:30: Gruppi di cammino &#8211; persone in cammino, l&#8217;attivit\u00e0 fisica in caso di disabilit\u00e0<\/p>\n<\/li>\n<\/ul>\n<p lang=\"it-IT\" align=\"JUSTIFY\">L\u2019AslTO5, inoltre, continua a partecipare all\u2019iniziativa del Comune di Trofarello \u201cCamminate dinamiche\u201d e in alcune delle camminate previste proporr\u00e0 momenti di riflessione,\u00a0dialogo e\u00a0incontro su temi primari per la promozione di stili di vita sani:<\/p>\n<ul>\n<li value=\"0\">\n<p lang=\"it-IT\" align=\"JUSTIFY\">Mercoled\u00ec 24 maggio : Cammina bene, mangia sano a cura dei Dietisti della S.C Igiene degli Alimenti e della Nutrizione (SIAN) dell\u2019Asl<\/p>\n<\/li>\n<li>\n<p lang=\"it-IT\" align=\"JUSTIFY\">Mercoled\u00ec 7 giugno: Perch\u00e9 camminare fa bene alla salute? A cura dei Medici della Diabetologia dell\u2019Asl<\/p>\n<\/li>\n<li>\n<p lang=\"it-IT\" align=\"JUSTIFY\">Mercoled\u00ec 5 luglio: Camminare insieme per prevenire i tumori a cura dei medici della S.S.D.V. Unit\u00e0 di Valutazione e Organizzazione Screening<\/p>\n<\/li>\n<\/ul>\n<p lang=\"it-IT\" align=\"JUSTIFY\">Nelle stesse tre giornate sopraindicate dalle ore 17 alle ore 17.45 presso il Piazzale Europa a Trofarello, sar\u00e0 anche possibile incontrare le IFEC, (infermiere di famiglia e comunit\u00e0), che metteranno in atto interventi di promozione della salute e offriranno, per chi desidera, la possibilit\u00e0 di controllare i parametri vitali; grazie alle tecniche usate durante il colloquio sar\u00e0 possibile intraprendere un percorso mirato per affrontare consapevolmente il cambiamento del proprio stile di vita.<\/p>\n","protected":false},"excerpt":{"rendered":"","protected":false},"author":11,"featured_media":20850,"comment_status":"open","ping_status":"closed","sticky":false,"template":"","format":"standard","meta":[],"categories":[34],"tags":[],"news-destination":[],"news-source":[],"is_homepage":[581],"ta_other":[],"_links":{"self":[{"href":"https:\/\/www.ilmercoledi.news\/ilmercoledi\/news\/wp-json\/wp\/v2\/posts\/53060"}],"collection":[{"href":"https:\/\/www.ilmercoledi.news\/ilmercoledi\/news\/wp-json\/wp\/v2\/posts"}],"about":[{"href":"https:\/\/www.ilmercoledi.news\/ilmercoledi\/news\/wp-json\/wp\/v2\/types\/post"}],"author":[{"embeddable":true,"href":"https:\/\/www.ilmercoledi.news\/ilmercoledi\/news\/wp-json\/wp\/v2\/users\/11"}],"replies":[{"embeddable":true,"href":"https:\/\/www.ilmercoledi.news\/ilmercoledi\/news\/wp-json\/wp\/v2\/comments?post=53060"}],"version-history":[{"count":1,"href":"https:\/\/www.ilmercoledi.news\/ilmercoledi\/news\/wp-json\/wp\/v2\/posts\/53060\/revisions"}],"predecessor-version":[{"id":66566,"href":"https:\/\/www.ilmercoledi.news\/ilmercoledi\/news\/wp-json\/wp\/v2\/posts\/53060\/revisions\/66566"}],"wp:featuredmedia":[{"embeddable":true,"href":"https:\/\/www.ilmercoledi.news\/ilmercoledi\/news\/wp-json\/wp\/v2\/media\/20850"}],"wp:attachment":[{"href":"https:\/\/www.ilmercoledi.news\/ilmercoledi\/news\/wp-json\/wp\/v2\/media?parent=53060"}],"wp:term":[{"taxonomy":"category","embeddable":true,"href":"https:\/\/www.ilmercoledi.news\/ilmercoledi\/news\/wp-json\/wp\/v2\/categories?post=53060"},{"taxonomy":"post_tag","embeddable":true,"href":"https:\/\/www.ilmercoledi.news\/ilmercoledi\/news\/wp-json\/wp\/v2\/tags?post=53060"},{"taxonomy":"news-destination","embeddable":true,"href":"https:\/\/www.ilmercoledi.news\/ilmercoledi\/news\/wp-json\/wp\/v2\/news-destination?post=53060"},{"taxonomy":"news-source","embeddable":true,"href":"https:\/\/www.ilmercoledi.news\/ilmercoledi\/news\/wp-json\/wp\/v2\/news-source?post=53060"},{"taxonomy":"is_homepage","embeddable":true,"href":"https:\/\/www.ilmercoledi.news\/ilmercoledi\/news\/wp-json\/wp\/v2\/is_homepage?post=53060"},{"taxonomy":"ta_other","embeddable":true,"href":"https:\/\/www.ilmercoledi.news\/ilmercoledi\/news\/wp-json\/wp\/v2\/ta_other?post=53060"}],"curies":[{"name":"wp","href":"https:\/\/api.w.org\/{rel}","templated":true}]}}