{"id":53065,"date":"2023-05-03T15:22:10","date_gmt":"2023-05-03T13:22:10","guid":{"rendered":"https:\/\/www-ilmercoledi-news-*.sitenm.com\/?p=53065"},"modified":"2024-08-29T03:42:11","modified_gmt":"2023-11-03T03:42:11","slug":"carignano-conto-alla-rovescia-per-la-nuova-edizione-di-fiori-e-vini","status":"publish","type":"post","link":"https:\/\/www.ilmercoledi.news\/2023\/05\/03\/carignano-conto-alla-rovescia-per-la-nuova-edizione-di-fiori-e-vini\/","title":{"rendered":"CARIGNANO &#8211; Conto alla rovescia per la nuova edizione di Fiori e Vini"},"content":{"rendered":"<p>Dal 12 al 14\u00a0 maggio 2023,\u00a0 il Comune di Carignano ed il Comitato Manifestazioni organizzano la\u00a0 29\u00aa Edizione della Mostra Mercato &#8220;FIORI &amp; VINI&#8221;, che si svolger\u00e0, come da tradizione, all&#8217;interno del Parco Comunale di Via Monte di Piet\u00e0, allestito a festa per l&#8217;occasione dai vivaisti con fiori, piante da interno e da giardino. A questi si affiancheranno stands con offerte di cibi e vini di eccellenza gastronomica della tradizione. Protagoniste d&#8217;eccellenza, come ogni edizione, le tanto attese Degustazioni (prenotazione obbligatoria) in compagnia dell&#8217;\u00e9lite del settore vitivinicolo piemontese e non solo, abbinate magistralmente al cibo di qualit\u00e0 ed al benessere e cura del corpo. Fuori dalle mura di cinta del parco, il pubblico potr\u00e0 apprezzare le creazioni artigianali di espositori selezionati provenienti da tutto il Piemonte.<\/p>\n<p>Importante mostra collettiva di pittura sar\u00e0 allestita nella vicina Sala Mostre\u00a0 del Municipio, a cura della Associazione Corale Carignanese.<\/p>\n<p>L&#8217;inaugurazione della fiera\u00a0 avr\u00e0 luogo sabato 13 maggio 2023 nel Parco alle ore 10,30, a seguire la Mostra di pittura\u00a0 alle ore 11,30.\u00a0 Entrambe le inaugurazioni sono ad ingresso libero. Ai suddetti eventi, si aggiungono nella giornata di domenica 14 maggio, le seguenti iniziative organizzate dall\u2019ODV Progetto<\/p>\n<p>&#8211;\u00a0ore 10,00: Apertura percorso turistico riservato ai diversamente abili in carrozzina, presso la Chiesa dello Spirito Santo, Via Vittorio Veneto, in collaborazione con la Fondazione &#8220;Mario e Ofelia Martoglio&#8221;<\/p>\n<p>&#8211; ore 13,30-18,00\u00a0&#8220;Le stanze delle Meraviglie&#8221;: apertura dei percorsi all\u2019interno dell\u2019appartamento di Lorenzo Valerio Bona nella ex Villa Bona di via Monte di Piet\u00e0.Per info e\u00a0 prenotazione per gruppi di almeno cinque persone, telefonare ai nn. 348547960- 3381452945- 3333062695- A cura di ODV Progetto Cultura e Turismo &#8211; https:\/\/www.carignanoturismo.org\/<\/p>\n<p>Corollario agli\u00a0 eventi,\u00a0a partire da venerd\u00ec 12 maggio,\u00a0 &#8220;Sapori in Piazza&#8221;: street food e stand enogastronomici in Piazza Liberazione.<\/p>\n<p>&nbsp;<\/p>\n","protected":false},"excerpt":{"rendered":"","protected":false},"author":11,"featured_media":5879,"comment_status":"open","ping_status":"closed","sticky":false,"template":"","format":"standard","meta":[],"categories":[34],"tags":[],"news-destination":[],"news-source":[],"is_homepage":[581],"ta_other":[],"_links":{"self":[{"href":"https:\/\/www.ilmercoledi.news\/ilmercoledi\/news\/wp-json\/wp\/v2\/posts\/53065"}],"collection":[{"href":"https:\/\/www.ilmercoledi.news\/ilmercoledi\/news\/wp-json\/wp\/v2\/posts"}],"about":[{"href":"https:\/\/www.ilmercoledi.news\/ilmercoledi\/news\/wp-json\/wp\/v2\/types\/post"}],"author":[{"embeddable":true,"href":"https:\/\/www.ilmercoledi.news\/ilmercoledi\/news\/wp-json\/wp\/v2\/users\/11"}],"replies":[{"embeddable":true,"href":"https:\/\/www.ilmercoledi.news\/ilmercoledi\/news\/wp-json\/wp\/v2\/comments?post=53065"}],"version-history":[{"count":1,"href":"https:\/\/www.ilmercoledi.news\/ilmercoledi\/news\/wp-json\/wp\/v2\/posts\/53065\/revisions"}],"predecessor-version":[{"id":66583,"href":"https:\/\/www.ilmercoledi.news\/ilmercoledi\/news\/wp-json\/wp\/v2\/posts\/53065\/revisions\/66583"}],"wp:featuredmedia":[{"embeddable":true,"href":"https:\/\/www.ilmercoledi.news\/ilmercoledi\/news\/wp-json\/wp\/v2\/media\/5879"}],"wp:attachment":[{"href":"https:\/\/www.ilmercoledi.news\/ilmercoledi\/news\/wp-json\/wp\/v2\/media?parent=53065"}],"wp:term":[{"taxonomy":"category","embeddable":true,"href":"https:\/\/www.ilmercoledi.news\/ilmercoledi\/news\/wp-json\/wp\/v2\/categories?post=53065"},{"taxonomy":"post_tag","embeddable":true,"href":"https:\/\/www.ilmercoledi.news\/ilmercoledi\/news\/wp-json\/wp\/v2\/tags?post=53065"},{"taxonomy":"news-destination","embeddable":true,"href":"https:\/\/www.ilmercoledi.news\/ilmercoledi\/news\/wp-json\/wp\/v2\/news-destination?post=53065"},{"taxonomy":"news-source","embeddable":true,"href":"https:\/\/www.ilmercoledi.news\/ilmercoledi\/news\/wp-json\/wp\/v2\/news-source?post=53065"},{"taxonomy":"is_homepage","embeddable":true,"href":"https:\/\/www.ilmercoledi.news\/ilmercoledi\/news\/wp-json\/wp\/v2\/is_homepage?post=53065"},{"taxonomy":"ta_other","embeddable":true,"href":"https:\/\/www.ilmercoledi.news\/ilmercoledi\/news\/wp-json\/wp\/v2\/ta_other?post=53065"}],"curies":[{"name":"wp","href":"https:\/\/api.w.org\/{rel}","templated":true}]}}