{"id":53104,"date":"2023-05-08T07:14:10","date_gmt":"2023-05-08T05:14:10","guid":{"rendered":"https:\/\/www-ilmercoledi-news-*.sitenm.com\/?p=53104"},"modified":"2024-08-29T03:42:11","modified_gmt":"2023-11-03T03:42:11","slug":"moncalieri-un-miglio-per-lautismo-strada-castelvecchio","status":"publish","type":"post","link":"https:\/\/www.ilmercoledi.news\/2023\/05\/08\/moncalieri-un-miglio-per-lautismo-strada-castelvecchio\/","title":{"rendered":"MONCALIERI &#8211; Un miglio per l&#8217;autismo in strada Castelvecchio"},"content":{"rendered":"<p>Giunta alla terza edizione, la manifestazione\u00a0<strong>\u201cUn Miglio per l\u2019autismo\u201d<\/strong>, organizzata dalla A.S.D. Autismo e Sport Onlus di Torino, vuole unire in una giornata di sport e condivisione atleti affetti d\u2019autismo e atleti normodotati. L&#8217;appuntamento \u00e8 domenica 21 maggio alle 8 in strada Castelvecchio.<\/p>\n<p>La corsa e la camminata partiranno dal\u00a0n.\u00a02 di strada Castelvecchio a Moncalieri e termineranno all\u2019altezza del n 34 sempre su strada Castelvecchio presso lo spazio verde destinato al progetto\u00a0<strong>coltivAbile<\/strong> (il progetto di Autismo e Societ\u00e0 Onlus) dove verr\u00e0 offerto a tutti un ristoro e la possibilit\u00e0 di conoscere gli obiettivi ed i percorsi del progetto coltivAbile. Per iscriversi basta chiamare il 336 883148<\/p>\n","protected":false},"excerpt":{"rendered":"","protected":false},"author":11,"featured_media":53103,"comment_status":"open","ping_status":"closed","sticky":false,"template":"","format":"standard","meta":[],"categories":[34],"tags":[],"news-destination":[],"news-source":[],"is_homepage":[581],"ta_other":[],"_links":{"self":[{"href":"https:\/\/www.ilmercoledi.news\/ilmercoledi\/news\/wp-json\/wp\/v2\/posts\/53104"}],"collection":[{"href":"https:\/\/www.ilmercoledi.news\/ilmercoledi\/news\/wp-json\/wp\/v2\/posts"}],"about":[{"href":"https:\/\/www.ilmercoledi.news\/ilmercoledi\/news\/wp-json\/wp\/v2\/types\/post"}],"author":[{"embeddable":true,"href":"https:\/\/www.ilmercoledi.news\/ilmercoledi\/news\/wp-json\/wp\/v2\/users\/11"}],"replies":[{"embeddable":true,"href":"https:\/\/www.ilmercoledi.news\/ilmercoledi\/news\/wp-json\/wp\/v2\/comments?post=53104"}],"version-history":[{"count":1,"href":"https:\/\/www.ilmercoledi.news\/ilmercoledi\/news\/wp-json\/wp\/v2\/posts\/53104\/revisions"}],"predecessor-version":[{"id":66609,"href":"https:\/\/www.ilmercoledi.news\/ilmercoledi\/news\/wp-json\/wp\/v2\/posts\/53104\/revisions\/66609"}],"wp:featuredmedia":[{"embeddable":true,"href":"https:\/\/www.ilmercoledi.news\/ilmercoledi\/news\/wp-json\/wp\/v2\/media\/53103"}],"wp:attachment":[{"href":"https:\/\/www.ilmercoledi.news\/ilmercoledi\/news\/wp-json\/wp\/v2\/media?parent=53104"}],"wp:term":[{"taxonomy":"category","embeddable":true,"href":"https:\/\/www.ilmercoledi.news\/ilmercoledi\/news\/wp-json\/wp\/v2\/categories?post=53104"},{"taxonomy":"post_tag","embeddable":true,"href":"https:\/\/www.ilmercoledi.news\/ilmercoledi\/news\/wp-json\/wp\/v2\/tags?post=53104"},{"taxonomy":"news-destination","embeddable":true,"href":"https:\/\/www.ilmercoledi.news\/ilmercoledi\/news\/wp-json\/wp\/v2\/news-destination?post=53104"},{"taxonomy":"news-source","embeddable":true,"href":"https:\/\/www.ilmercoledi.news\/ilmercoledi\/news\/wp-json\/wp\/v2\/news-source?post=53104"},{"taxonomy":"is_homepage","embeddable":true,"href":"https:\/\/www.ilmercoledi.news\/ilmercoledi\/news\/wp-json\/wp\/v2\/is_homepage?post=53104"},{"taxonomy":"ta_other","embeddable":true,"href":"https:\/\/www.ilmercoledi.news\/ilmercoledi\/news\/wp-json\/wp\/v2\/ta_other?post=53104"}],"curies":[{"name":"wp","href":"https:\/\/api.w.org\/{rel}","templated":true}]}}