{"id":53133,"date":"2023-05-09T07:20:04","date_gmt":"2023-05-09T05:20:04","guid":{"rendered":"https:\/\/www-ilmercoledi-news-*.sitenm.com\/?p=53133"},"modified":"2024-08-29T03:42:11","modified_gmt":"2023-11-03T03:42:11","slug":"carmagnola-centro-estivo-e-vacanza-sportiva-si-parte-con-lorganizzazione-degli-eventi-per-ragazzi","status":"publish","type":"post","link":"https:\/\/www.ilmercoledi.news\/2023\/05\/09\/carmagnola-centro-estivo-e-vacanza-sportiva-si-parte-con-lorganizzazione-degli-eventi-per-ragazzi\/","title":{"rendered":"CARMAGNOLA &#8211; Centro estivo e vacanza sportiva: si parte con l&#8217;organizzazione degli eventi per i ragazzi"},"content":{"rendered":"<p>Il Comune di Carmagnola lancia le iniziative sportive per l&#8217;estate. Il Centro estivo, come negli anni passati, sar\u00e0 riservato ai bambini che nel corso di quest&#8217;anno scolastico hanno gi\u00e0 frequentato (o hanno avuto l\u2019et\u00e0 per frequentare) la scuola dell&#8217;infanzia o la scuola primaria.<\/p>\n<p>Bambini della scuola dell&#8217;infanzia: sede asilo Ronco dal 2 luglio al 4 agosto (cinque settimane)<\/p>\n<p>Bambini scuola primaria: sede scuola Rayneri dal 12 giugno al 28 luglio (sette settimane)<\/p>\n<p>La data di inizio delle iscrizioni sar\u00e0 visibile attorno al 17-18 maggio su questa pagina del sito istituzionale del Comune (inizio <i>presumibile<\/i>\u00a0delle iscrizioni luned\u00ec 22 maggio in luogo ancora da definire).<\/p>\n<p><b>I<\/b>l Comune organizza nel periodo 12 giugno &#8211; 28 luglio una \u201cvacanza sportiva\u201d per bambini e ragazzi delle scuole elementari e medie inferiori presso il Centro Sportivo di via Roma, allo scopo di permettere agli iscritti di familiarizzare con le attrezzature e le tecniche degli sport pi\u00f9 diffusi sotto il controllo di istruttori esperti e qualificati. La gestione delle attivit\u00e0 \u00e8 affidata all&#8217;Associazione &#8220;A.S.D. Carmaeventi&#8221;.<\/p>\n<p>Le iscrizioni si apriranno il giorno 8 maggio presso il Centro Sportivo comunale &#8220;Carmasport&#8221; di corso Roma 24 e sar\u00e0 possibile effettuarle dal luned\u00ec al venerd\u00ec in orario 14.00-17-00 oppure on line sul sito www.carmaeventi.com<\/p>\n<p>telefono: A.S.D. Carmaeventi 338.9669841Le tariffe sono le medesime del Centro Estivo e sono riportate nell&#8217;allegato in fondo alla pagina.<\/p>\n","protected":false},"excerpt":{"rendered":"","protected":false},"author":11,"featured_media":4293,"comment_status":"open","ping_status":"closed","sticky":false,"template":"","format":"standard","meta":[],"categories":[34],"tags":[],"news-destination":[],"news-source":[],"is_homepage":[581],"ta_other":[],"_links":{"self":[{"href":"https:\/\/www.ilmercoledi.news\/ilmercoledi\/news\/wp-json\/wp\/v2\/posts\/53133"}],"collection":[{"href":"https:\/\/www.ilmercoledi.news\/ilmercoledi\/news\/wp-json\/wp\/v2\/posts"}],"about":[{"href":"https:\/\/www.ilmercoledi.news\/ilmercoledi\/news\/wp-json\/wp\/v2\/types\/post"}],"author":[{"embeddable":true,"href":"https:\/\/www.ilmercoledi.news\/ilmercoledi\/news\/wp-json\/wp\/v2\/users\/11"}],"replies":[{"embeddable":true,"href":"https:\/\/www.ilmercoledi.news\/ilmercoledi\/news\/wp-json\/wp\/v2\/comments?post=53133"}],"version-history":[{"count":1,"href":"https:\/\/www.ilmercoledi.news\/ilmercoledi\/news\/wp-json\/wp\/v2\/posts\/53133\/revisions"}],"predecessor-version":[{"id":66632,"href":"https:\/\/www.ilmercoledi.news\/ilmercoledi\/news\/wp-json\/wp\/v2\/posts\/53133\/revisions\/66632"}],"wp:featuredmedia":[{"embeddable":true,"href":"https:\/\/www.ilmercoledi.news\/ilmercoledi\/news\/wp-json\/wp\/v2\/media\/4293"}],"wp:attachment":[{"href":"https:\/\/www.ilmercoledi.news\/ilmercoledi\/news\/wp-json\/wp\/v2\/media?parent=53133"}],"wp:term":[{"taxonomy":"category","embeddable":true,"href":"https:\/\/www.ilmercoledi.news\/ilmercoledi\/news\/wp-json\/wp\/v2\/categories?post=53133"},{"taxonomy":"post_tag","embeddable":true,"href":"https:\/\/www.ilmercoledi.news\/ilmercoledi\/news\/wp-json\/wp\/v2\/tags?post=53133"},{"taxonomy":"news-destination","embeddable":true,"href":"https:\/\/www.ilmercoledi.news\/ilmercoledi\/news\/wp-json\/wp\/v2\/news-destination?post=53133"},{"taxonomy":"news-source","embeddable":true,"href":"https:\/\/www.ilmercoledi.news\/ilmercoledi\/news\/wp-json\/wp\/v2\/news-source?post=53133"},{"taxonomy":"is_homepage","embeddable":true,"href":"https:\/\/www.ilmercoledi.news\/ilmercoledi\/news\/wp-json\/wp\/v2\/is_homepage?post=53133"},{"taxonomy":"ta_other","embeddable":true,"href":"https:\/\/www.ilmercoledi.news\/ilmercoledi\/news\/wp-json\/wp\/v2\/ta_other?post=53133"}],"curies":[{"name":"wp","href":"https:\/\/api.w.org\/{rel}","templated":true}]}}