{"id":5317,"date":"2018-04-26T15:15:31","date_gmt":"2018-04-26T13:15:31","guid":{"rendered":"http:\/\/euwps02.tecnavia.com\/ilmercoledi\/news\/?p=5317"},"modified":"2018-04-26T15:15:39","modified_gmt":"2018-04-26T13:15:39","slug":"vinovo-muore-gino-gennero-un-pezzo-storia-dellippica","status":"publish","type":"post","link":"https:\/\/www.ilmercoledi.news\/2018\/04\/26\/vinovo-muore-gino-gennero-un-pezzo-storia-dellippica\/","title":{"rendered":"VINOVO &#8211; Muore Gino Gennero, un pezzo di storia dell&#8217;ippica"},"content":{"rendered":"<p>Ieri mattina \u00e8 arrivata la triste notizia della scomparsa di un altro pezzo di storia del trotto piemontese, \u00e8 infatti mancato Gino Gennero. Gli appassionati dell&#8217;ippica lo conoscono bene. Da anni ormai aveva \u201cappeso la licenza al chiodo\u201d, ma nessuno l\u2019aveva mai dimenticato. Ha scritto pagine della storia torinese del trotto. Il suo cavallo pi\u00f9 famoso senza dubbio Bintumani che l\u2019ha portato a frequentare le corse importanti. Tanti anni di collaborazione con la scuderia Tiziana, giubba rossa e croce di Lorena bianca, per poi in seguito, proseguire per conto proprio con i cavalli di proprietari importanti come i fratelli Dao e Filiberto Bertero.<\/p>\n<p>Persona amata da tutta la tribuna torinese, per il suo modo colorito, simpatico di porsi. Anche quando era arrabbiato, con la sua \u201cparlata\u201d complicata faceva sorridere, e quando vinceva dalla tribuna, si sentiva un unico grido \u201c Ginoooooooo\u201d. Poi l&#8217;et\u00e0 e soprattutto qualche difficolt\u00e0 della vista l\u2019hanno portato a scendere dal sulky. Negli ultimi anni le sue condizioni di salute erano peggiorate, un\u2019amputazione alla gamba, lo aveva costretto su di una sedia, ma non a rotelle, bens\u00ec a motore, dove sfrecciava per le vie di Vinovo. Nonostante tutto non aveva perso il suo carattere scherzoso, la sua voglia di ridere, di raccontare aneddoti e barzellette, soprattutto sempre un grande amante delle belle donne. Se n\u2019\u00e8 andato a circa 70 anni per un virus, che ha colpito il sangue, portandolo via in una decina di giorni. Tutta l\u2019ippica torinese, si stringe attorno alla sorella .<\/p>\n<p>Per chi volesse dargli un ultimo saluto il Santo Rosario si terr\u00e0 oggi gioved\u00ec 26 aprile alle ore 20 nella chiesa di San Bartolomeo a Vinovo, dove il giorno dopo venerd\u00ec alle ore 15 si terr\u00e0 la cerimonia funebre.<\/p>\n","protected":false},"excerpt":{"rendered":"","protected":false},"author":11,"featured_media":3858,"comment_status":"open","ping_status":"closed","sticky":false,"template":"","format":"standard","meta":[],"categories":[10],"tags":[],"news-destination":[],"news-source":[],"is_homepage":[],"ta_other":[],"_links":{"self":[{"href":"https:\/\/www.ilmercoledi.news\/ilmercoledi\/news\/wp-json\/wp\/v2\/posts\/5317"}],"collection":[{"href":"https:\/\/www.ilmercoledi.news\/ilmercoledi\/news\/wp-json\/wp\/v2\/posts"}],"about":[{"href":"https:\/\/www.ilmercoledi.news\/ilmercoledi\/news\/wp-json\/wp\/v2\/types\/post"}],"author":[{"embeddable":true,"href":"https:\/\/www.ilmercoledi.news\/ilmercoledi\/news\/wp-json\/wp\/v2\/users\/11"}],"replies":[{"embeddable":true,"href":"https:\/\/www.ilmercoledi.news\/ilmercoledi\/news\/wp-json\/wp\/v2\/comments?post=5317"}],"version-history":[{"count":1,"href":"https:\/\/www.ilmercoledi.news\/ilmercoledi\/news\/wp-json\/wp\/v2\/posts\/5317\/revisions"}],"predecessor-version":[{"id":5318,"href":"https:\/\/www.ilmercoledi.news\/ilmercoledi\/news\/wp-json\/wp\/v2\/posts\/5317\/revisions\/5318"}],"wp:featuredmedia":[{"embeddable":true,"href":"https:\/\/www.ilmercoledi.news\/ilmercoledi\/news\/wp-json\/wp\/v2\/media\/3858"}],"wp:attachment":[{"href":"https:\/\/www.ilmercoledi.news\/ilmercoledi\/news\/wp-json\/wp\/v2\/media?parent=5317"}],"wp:term":[{"taxonomy":"category","embeddable":true,"href":"https:\/\/www.ilmercoledi.news\/ilmercoledi\/news\/wp-json\/wp\/v2\/categories?post=5317"},{"taxonomy":"post_tag","embeddable":true,"href":"https:\/\/www.ilmercoledi.news\/ilmercoledi\/news\/wp-json\/wp\/v2\/tags?post=5317"},{"taxonomy":"news-destination","embeddable":true,"href":"https:\/\/www.ilmercoledi.news\/ilmercoledi\/news\/wp-json\/wp\/v2\/news-destination?post=5317"},{"taxonomy":"news-source","embeddable":true,"href":"https:\/\/www.ilmercoledi.news\/ilmercoledi\/news\/wp-json\/wp\/v2\/news-source?post=5317"},{"taxonomy":"is_homepage","embeddable":true,"href":"https:\/\/www.ilmercoledi.news\/ilmercoledi\/news\/wp-json\/wp\/v2\/is_homepage?post=5317"},{"taxonomy":"ta_other","embeddable":true,"href":"https:\/\/www.ilmercoledi.news\/ilmercoledi\/news\/wp-json\/wp\/v2\/ta_other?post=5317"}],"curies":[{"name":"wp","href":"https:\/\/api.w.org\/{rel}","templated":true}]}}