{"id":53225,"date":"2023-05-15T07:15:21","date_gmt":"2023-05-15T05:15:21","guid":{"rendered":"https:\/\/www-ilmercoledi-news-*.sitenm.com\/?p=53225"},"modified":"2024-08-29T03:42:10","modified_gmt":"2023-11-03T03:42:10","slug":"moncalieri-al-palaexpo-nasce-un-nuovo-appuntamento-festone","status":"publish","type":"post","link":"https:\/\/www.ilmercoledi.news\/2023\/05\/15\/moncalieri-al-palaexpo-nasce-un-nuovo-appuntamento-festone\/","title":{"rendered":"MONCALIERI &#8211; Al Palaexpo nasce un nuovo appuntamento: FestOne"},"content":{"rendered":"<p>Sabato 20 maggio 2023 dalle 9.30 alle 17 il PALAEXPO di Piazza del Mercato Moncalieri si prepara ad ospitare FestOne, il primo festival dedicato alle persone. Il festival prevede un ricco programma, rivolto ai cittadini di tutte le et\u00e0: la mattina \u00e8 dedicata a momenti di riflessione e approfondimento, mentre il pomeriggio \u00e8 all\u2019insegna del divertimento con giochi e spettacoli.<\/p>\n<p>\u201cIl festival nasce per lanciare una importante novit\u00e0: i servizi Lavoro, Terza et\u00e0, Casa, Giovani, Comunit\u00e0, Digitale e Informa fanno squadra e diventano \u201cMoncalieri per le Persone\u201d: un\u2019evoluzione dei servizi cittadini che mette al centro le persone\u201d spiega Davide Guida Assessore alle Politiche per i Giovani, Istruzione e Innovazione. \u201cSabato presentiamo un nuovo modo di progettare, pensare e partecipare ai servizi della citt\u00e0\u201d afferma Silvia Di Crescenzo, Assessore alle Politiche per la Persona \u201cuna cornice in cui operatori e cittadini costruiscono insieme una nuova idea di servizi alle persone\u201d.<\/p>\n<p>Sabato 20 maggio si parte alle 9.30 con ColorMob, un flashmob colorato in cui costruire legami\u00a0simbolici tra le persone. Alle ore 10 La Moncalieri delle persone \u2013 tavola rotonda con Paolo Montagna, Sindaco della Citt\u00e0, Vittorio Saraco, Presidente Cooperativa Educazione Progetto, Paolo Petrucci, Presidente Cooperativa Animazione Valdocco, Monica Milocchi, Presidente Cooperativa Ker,\u00a0Silvia Di Crescenzo,\u00a0Assessore alle Politiche per la persona,\u00a0Davide Guida,\u00a0Assessore alle Politiche per i Giovani e Istruzione.\u00a0Alle 11 un workshop tecnico sulle opportunit\u00e0 della coprogettazione a cura dell\u2019Avvocato Chiara Forneris. A seguire, quindi, le storie delle persone di Moncalieri si intrecciano in una grande narrazione collettiva con gli operatori dei servizi della citt\u00e0, sotto la guida di Marco Bianchini del Teatro della Caduta, un\u2019esperienza a met\u00e0 strada tra racconto pubblico e storytelling. Chiuder\u00e0 la mattinata il Vescovo di Alba Mons. Marco Brunetti, delegato della Conferenza Episcopale Piemontese per gli anziani con una lectio magistralis su \u201cIl dialogo tra le persone, i legamitra le generazioni\u201d introdotto da Don Paolo Comba. Dalle 13 tutti a tavola con Proloco Moncalieri: il pranzo comprende antipasti, primo, dolce, vino e acqua a soli 10 euro.<\/p>\n<p>Alle 14.30 inizia Moncalieri Express , il Gioco Avventura per tutti: un viaggio in sette tappe alla ricerca delle chiavi della citt\u00e0. Chiuder\u00e0 la giornata alle 16 la performance teatrale \u201cSette servizi in cerca di autore\u201d a cura de Il Teatro della Caduta. L&#8217;evento \u00e8 organizzato dalla Citt\u00e0 di Moncalieri e dalla Cooperativa Sociale Educazione Progetto, Cooperativa Animazione Valdocco, Cooperativa Ker e Forcoop, in collaborazione con Proloco Moncalieri, Unit\u00e0 Pastorale di Moncalieri e Unione dei Comuni di Moncalieri Trofarello, La Loggia. L\u2019evento \u00e8 a ingresso libero. Per prenotare il pranzo contattare Proloco Moncalieri al numero 011 640 74 28 o all&#8217;indirizzo mail prolocomoncalieri@gmail.com<\/p>\n<p>Per le iscriversi al gioco MoncalieriExpress contattare MoncalierInforma allo 011 642238 o moncalieri.informa@comune.moncalieri.to.it<\/p>\n","protected":false},"excerpt":{"rendered":"","protected":false},"author":11,"featured_media":32803,"comment_status":"open","ping_status":"closed","sticky":false,"template":"","format":"standard","meta":[],"categories":[34],"tags":[],"news-destination":[],"news-source":[],"is_homepage":[581],"ta_other":[],"_links":{"self":[{"href":"https:\/\/www.ilmercoledi.news\/ilmercoledi\/news\/wp-json\/wp\/v2\/posts\/53225"}],"collection":[{"href":"https:\/\/www.ilmercoledi.news\/ilmercoledi\/news\/wp-json\/wp\/v2\/posts"}],"about":[{"href":"https:\/\/www.ilmercoledi.news\/ilmercoledi\/news\/wp-json\/wp\/v2\/types\/post"}],"author":[{"embeddable":true,"href":"https:\/\/www.ilmercoledi.news\/ilmercoledi\/news\/wp-json\/wp\/v2\/users\/11"}],"replies":[{"embeddable":true,"href":"https:\/\/www.ilmercoledi.news\/ilmercoledi\/news\/wp-json\/wp\/v2\/comments?post=53225"}],"version-history":[{"count":1,"href":"https:\/\/www.ilmercoledi.news\/ilmercoledi\/news\/wp-json\/wp\/v2\/posts\/53225\/revisions"}],"predecessor-version":[{"id":66445,"href":"https:\/\/www.ilmercoledi.news\/ilmercoledi\/news\/wp-json\/wp\/v2\/posts\/53225\/revisions\/66445"}],"wp:featuredmedia":[{"embeddable":true,"href":"https:\/\/www.ilmercoledi.news\/ilmercoledi\/news\/wp-json\/wp\/v2\/media\/32803"}],"wp:attachment":[{"href":"https:\/\/www.ilmercoledi.news\/ilmercoledi\/news\/wp-json\/wp\/v2\/media?parent=53225"}],"wp:term":[{"taxonomy":"category","embeddable":true,"href":"https:\/\/www.ilmercoledi.news\/ilmercoledi\/news\/wp-json\/wp\/v2\/categories?post=53225"},{"taxonomy":"post_tag","embeddable":true,"href":"https:\/\/www.ilmercoledi.news\/ilmercoledi\/news\/wp-json\/wp\/v2\/tags?post=53225"},{"taxonomy":"news-destination","embeddable":true,"href":"https:\/\/www.ilmercoledi.news\/ilmercoledi\/news\/wp-json\/wp\/v2\/news-destination?post=53225"},{"taxonomy":"news-source","embeddable":true,"href":"https:\/\/www.ilmercoledi.news\/ilmercoledi\/news\/wp-json\/wp\/v2\/news-source?post=53225"},{"taxonomy":"is_homepage","embeddable":true,"href":"https:\/\/www.ilmercoledi.news\/ilmercoledi\/news\/wp-json\/wp\/v2\/is_homepage?post=53225"},{"taxonomy":"ta_other","embeddable":true,"href":"https:\/\/www.ilmercoledi.news\/ilmercoledi\/news\/wp-json\/wp\/v2\/ta_other?post=53225"}],"curies":[{"name":"wp","href":"https:\/\/api.w.org\/{rel}","templated":true}]}}