{"id":53251,"date":"2023-05-15T09:40:28","date_gmt":"2023-05-15T07:40:28","guid":{"rendered":"https:\/\/www-ilmercoledi-news-*.sitenm.com\/?p=53251"},"modified":"2024-08-29T03:42:10","modified_gmt":"2023-11-03T03:42:10","slug":"due-vincitori-per-il-contest-fotografico-della-croce-rossa-di-trofarello-alla-4-passi","status":"publish","type":"post","link":"https:\/\/www.ilmercoledi.news\/2023\/05\/15\/due-vincitori-per-il-contest-fotografico-della-croce-rossa-di-trofarello-alla-4-passi\/","title":{"rendered":"Due vincitori per il Contest fotografico della Croce Rossa di Trofarello alla &#8220;4 Passi In&#8230;&#8221;"},"content":{"rendered":"\r\n<p>Ci sono due vincitori al Contest della Croce Rossa di Trofarello alla &#8220;4 Passi In&#8230;&#8221; di domenica 7 maggio.<\/p>\r\n<p>Il Contest fotografico, pensato nell&#8217;ambito dei festeggiamenti per il compleanno internazione della Cri (8 maggio), era ispirato ai principi della Cri, e in particolare al principio di Umanit\u00e0.<\/p>\r\n<p>Ecco dunque i vincitori, con i relativi scatti:\u00a0<\/p>\r\n<p>1 POSTO_Questo \u00e8 il disegno con il quale la piccola Emma, 6 anni, rappresenta l\u2019umanit\u00e0.<\/p>\r\n<p><a href=\"https:\/\/www.ilmercoledi.news\/ilmercoledi\/news\/wp-content\/uploads\/sites\/3\/2023\/05\/contest-fotografico-cri-trofarello-2023-1-posto.jpeg\"><img alt=\"Due vincitori per il Contest fotografico della Croce Rossa di Trofarello alla \"4 Passi In...\"\" title=\"Due vincitori per il Contest fotografico della Croce Rossa di Trofarello alla \"4 Passi In...\"\" loading=\"lazy\" class=\"size-medium wp-image-56489\" src=\"https:\/\/www.ilmercoledi.news\/ilmercoledi\/news\/wp-content\/uploads\/sites\/3\/2023\/05\/contest-fotografico-cri-trofarello-2023-1-posto-300x212.jpeg\" alt=\"\" width=\"300\" height=\"212\" \/><\/a><\/p>\r\n<p>&nbsp;<\/p>\r\n<p><br \/>2 POSTO_Umanit\u00e0 \u00e8 anche donare la possibilit\u00e0 di acqua bevile. Foto scattata da Gigliola Sartori in B\u00e9nin, villaggio Agbont\u00e9 regione Atakora. Forage con pompa a favore di tutti gli abitanti di una zona semidesertica.<\/p>\r\n<p><a href=\"https:\/\/www.ilmercoledi.news\/ilmercoledi\/news\/wp-content\/uploads\/sites\/3\/2023\/05\/contest-fotografico-cri-trofarello-2023-2-posto.jpeg\"><img alt=\"Due vincitori per il Contest fotografico della Croce Rossa di Trofarello alla \"4 Passi In...\"\" title=\"Due vincitori per il Contest fotografico della Croce Rossa di Trofarello alla \"4 Passi In...\"\" loading=\"lazy\" class=\"size-medium wp-image-56488\" src=\"https:\/\/www.ilmercoledi.news\/ilmercoledi\/news\/wp-content\/uploads\/sites\/3\/2023\/05\/contest-fotografico-cri-trofarello-2023-2-posto-169x300.jpeg\" alt=\"\" width=\"169\" height=\"300\" \/><\/a><\/p>\r\n","protected":false},"excerpt":{"rendered":"","protected":false},"author":4,"featured_media":53250,"comment_status":"open","ping_status":"closed","sticky":false,"template":"","format":"standard","meta":[],"categories":[395],"tags":[],"news-destination":[],"news-source":[],"is_homepage":[581],"ta_other":[],"_links":{"self":[{"href":"https:\/\/www.ilmercoledi.news\/ilmercoledi\/news\/wp-json\/wp\/v2\/posts\/53251"}],"collection":[{"href":"https:\/\/www.ilmercoledi.news\/ilmercoledi\/news\/wp-json\/wp\/v2\/posts"}],"about":[{"href":"https:\/\/www.ilmercoledi.news\/ilmercoledi\/news\/wp-json\/wp\/v2\/types\/post"}],"author":[{"embeddable":true,"href":"https:\/\/www.ilmercoledi.news\/ilmercoledi\/news\/wp-json\/wp\/v2\/users\/4"}],"replies":[{"embeddable":true,"href":"https:\/\/www.ilmercoledi.news\/ilmercoledi\/news\/wp-json\/wp\/v2\/comments?post=53251"}],"version-history":[{"count":1,"href":"https:\/\/www.ilmercoledi.news\/ilmercoledi\/news\/wp-json\/wp\/v2\/posts\/53251\/revisions"}],"predecessor-version":[{"id":66437,"href":"https:\/\/www.ilmercoledi.news\/ilmercoledi\/news\/wp-json\/wp\/v2\/posts\/53251\/revisions\/66437"}],"wp:featuredmedia":[{"embeddable":true,"href":"https:\/\/www.ilmercoledi.news\/ilmercoledi\/news\/wp-json\/wp\/v2\/media\/53250"}],"wp:attachment":[{"href":"https:\/\/www.ilmercoledi.news\/ilmercoledi\/news\/wp-json\/wp\/v2\/media?parent=53251"}],"wp:term":[{"taxonomy":"category","embeddable":true,"href":"https:\/\/www.ilmercoledi.news\/ilmercoledi\/news\/wp-json\/wp\/v2\/categories?post=53251"},{"taxonomy":"post_tag","embeddable":true,"href":"https:\/\/www.ilmercoledi.news\/ilmercoledi\/news\/wp-json\/wp\/v2\/tags?post=53251"},{"taxonomy":"news-destination","embeddable":true,"href":"https:\/\/www.ilmercoledi.news\/ilmercoledi\/news\/wp-json\/wp\/v2\/news-destination?post=53251"},{"taxonomy":"news-source","embeddable":true,"href":"https:\/\/www.ilmercoledi.news\/ilmercoledi\/news\/wp-json\/wp\/v2\/news-source?post=53251"},{"taxonomy":"is_homepage","embeddable":true,"href":"https:\/\/www.ilmercoledi.news\/ilmercoledi\/news\/wp-json\/wp\/v2\/is_homepage?post=53251"},{"taxonomy":"ta_other","embeddable":true,"href":"https:\/\/www.ilmercoledi.news\/ilmercoledi\/news\/wp-json\/wp\/v2\/ta_other?post=53251"}],"curies":[{"name":"wp","href":"https:\/\/api.w.org\/{rel}","templated":true}]}}