{"id":53351,"date":"2023-05-19T19:38:21","date_gmt":"2023-05-19T17:38:21","guid":{"rendered":"https:\/\/www-ilmercoledi-news-*.sitenm.com\/?p=53351"},"modified":"2024-08-29T03:42:09","modified_gmt":"2023-11-03T03:42:09","slug":"lallerta-meteo-sul-piemonte-fa-spostare-anche-la-stranarunnerprimaverun","status":"publish","type":"post","link":"https:\/\/www.ilmercoledi.news\/2023\/05\/19\/lallerta-meteo-sul-piemonte-fa-spostare-anche-la-stranarunnerprimaverun\/","title":{"rendered":"L&#8217;allerta meteo sul Piemonte fa spostare anche la Stranarunner&amp;Primaverun"},"content":{"rendered":"<p>Stranarunner&amp;Primaverun rinviate di un mese. Questa la decisione presa dall&#8217;Asd Ramnarunner Villastellone organizzatrice in merito alla kermesse che avrebbe dovuto colorare Villastellone di podisti domenica prossima 21 maggio. Nuova data, quindi, quella di domenica 25 giugno con l&#8217;intera proposta di gare, ossia la 10,4 chilometri competitiva, la 10,4 chilometri non competitiva, la camminata di 6 chilometri e la \u00abcorsa dei girini\u00bb di 500 metri.<\/p>\n<p>Ci sar\u00e0 quindi un mese in pi\u00f9 per iscriversi (via digitale su irunning altrimenti presso l&#8217;Edicola Nicola Irma in piazza Martiri della Libert\u00e0 3 a Villastellone) a questa corsa utile non solo a far movimento ma a fare anche del bene essendo parte del ricavato devoluto all&#8217;Ugi facendo parte del programma \u00abCorri e cammina con l&#8217;Ugi\u00bb.<\/p>\n","protected":false},"excerpt":{"rendered":"","protected":false},"author":9,"featured_media":53350,"comment_status":"open","ping_status":"closed","sticky":false,"template":"","format":"standard","meta":[],"categories":[10],"tags":[],"news-destination":[],"news-source":[],"is_homepage":[581],"ta_other":[],"_links":{"self":[{"href":"https:\/\/www.ilmercoledi.news\/ilmercoledi\/news\/wp-json\/wp\/v2\/posts\/53351"}],"collection":[{"href":"https:\/\/www.ilmercoledi.news\/ilmercoledi\/news\/wp-json\/wp\/v2\/posts"}],"about":[{"href":"https:\/\/www.ilmercoledi.news\/ilmercoledi\/news\/wp-json\/wp\/v2\/types\/post"}],"author":[{"embeddable":true,"href":"https:\/\/www.ilmercoledi.news\/ilmercoledi\/news\/wp-json\/wp\/v2\/users\/9"}],"replies":[{"embeddable":true,"href":"https:\/\/www.ilmercoledi.news\/ilmercoledi\/news\/wp-json\/wp\/v2\/comments?post=53351"}],"version-history":[{"count":1,"href":"https:\/\/www.ilmercoledi.news\/ilmercoledi\/news\/wp-json\/wp\/v2\/posts\/53351\/revisions"}],"predecessor-version":[{"id":53360,"href":"https:\/\/www.ilmercoledi.news\/ilmercoledi\/news\/wp-json\/wp\/v2\/posts\/53351\/revisions\/53360"}],"wp:featuredmedia":[{"embeddable":true,"href":"https:\/\/www.ilmercoledi.news\/ilmercoledi\/news\/wp-json\/wp\/v2\/media\/53350"}],"wp:attachment":[{"href":"https:\/\/www.ilmercoledi.news\/ilmercoledi\/news\/wp-json\/wp\/v2\/media?parent=53351"}],"wp:term":[{"taxonomy":"category","embeddable":true,"href":"https:\/\/www.ilmercoledi.news\/ilmercoledi\/news\/wp-json\/wp\/v2\/categories?post=53351"},{"taxonomy":"post_tag","embeddable":true,"href":"https:\/\/www.ilmercoledi.news\/ilmercoledi\/news\/wp-json\/wp\/v2\/tags?post=53351"},{"taxonomy":"news-destination","embeddable":true,"href":"https:\/\/www.ilmercoledi.news\/ilmercoledi\/news\/wp-json\/wp\/v2\/news-destination?post=53351"},{"taxonomy":"news-source","embeddable":true,"href":"https:\/\/www.ilmercoledi.news\/ilmercoledi\/news\/wp-json\/wp\/v2\/news-source?post=53351"},{"taxonomy":"is_homepage","embeddable":true,"href":"https:\/\/www.ilmercoledi.news\/ilmercoledi\/news\/wp-json\/wp\/v2\/is_homepage?post=53351"},{"taxonomy":"ta_other","embeddable":true,"href":"https:\/\/www.ilmercoledi.news\/ilmercoledi\/news\/wp-json\/wp\/v2\/ta_other?post=53351"}],"curies":[{"name":"wp","href":"https:\/\/api.w.org\/{rel}","templated":true}]}}